{"id":14436,"date":"2024-05-01T03:30:00","date_gmt":"2024-05-01T10:30:00","guid":{"rendered":"https:\/\/www.danielstark.com\/?post_type=blog&#038;p=14436"},"modified":"2025-04-22T11:17:14","modified_gmt":"2025-04-22T18:17:14","slug":"why-an-extraordinary-scholarship-winner-advocates-for-communication-disorder-awareness","status":"publish","type":"blog","link":"https:\/\/www.danielstark.com\/es\/blog\/why-an-extraordinary-scholarship-winner-advocates-for-communication-disorder-awareness\/","title":{"rendered":"Por qu\u00e9 una extraordinaria ganadora de una beca aboga por la concientizaci\u00f3n sobre los trastornos de la comunicaci\u00f3n\u00a0"},"content":{"rendered":"<p>Cada a\u00f1o, otorgamos becas de $1,000 a cinco estudiantes de secundaria de Texas como parte de nuestro <a href=\"https:\/\/www.danielstark.com\/es\/community\/extraordinary-scholarship\/\" target=\"_blank\" rel=\"noreferrer noopener\"><strong>Programa de Becas Extraordinarias<\/strong><\/a>Este programa est\u00e1 dise\u00f1ado para apoyar a los estudiantes motivados en su trayectoria educativa, empoder\u00e1ndolos para <a href=\"https:\/\/www.danielstark.com\/es\/blog\/what-is-daniel-starks-annual-extraordinary-scholarship\/\" target=\"_blank\" rel=\"noreferrer noopener\">lograr haza\u00f1as notables<\/a>.&nbsp;&nbsp;<\/p>\n\n\n\n<p>Una de nuestras beneficiarias de 2023, Izma, comparti\u00f3 su experiencia para superar un impedimento del habla. A pesar de tener dificultades para comunicarse con sus compa\u00f1eros de clase durante su infancia, Izma ha demostrado una resiliencia extraordinaria y ahora aspira a ayudar a otros a afrontar desaf\u00edos similares.&nbsp;<\/p>\n\n\n\n<h2 class=\"wp-block-heading\" id=\"h-how-did-izma-s-past-shape-her-passion-nbsp\">\u00bfC\u00f3mo influy\u00f3 el pasado de Izma en su pasi\u00f3n?&nbsp;<\/h2>\n\n\n\n<p>Seg\u00fan Izma, su tartamudez le dificult\u00f3 conectar con los dem\u00e1s durante sus a\u00f1os de formaci\u00f3n. &quot;Todos los d\u00edas, las palabras se me escapaban de las manos&quot;, comparti\u00f3 Izma. &quot;A veces, las palabras sal\u00edan de mis labios sin esfuerzo. Otras veces, se me atascaban en la garganta&quot;.\u00a0<\/p>\n\n\n\n<p>Durante sus primeros a\u00f1os escolares, los acosadores se aprovechaban de la vulnerabilidad de Izma, burl\u00e1ndose de su tartamudez. Para Izma, cada d\u00eda parec\u00eda navegar por un laberinto desalentador, convirtiendo incluso las interacciones m\u00e1s sencillas en campos minados que le provocaban ansiedad. Mientras sus compa\u00f1eros conversaban sin esfuerzo, ella se manten\u00eda al margen, deseando participar, pero sinti\u00e9ndose atrapada por su tartamudez.&nbsp;<\/p>\n\n\n\n<p>\u201cSe rieron de mis pausas inc\u00f3modas mientras intentaba encontrar las palabras\u201d, explic\u00f3 Izma. \u201cSent\u00ed como si me hubieran silenciado la voz\u201d.&nbsp;<\/p>\n\n\n\n<h2 class=\"wp-block-heading\" id=\"h-how-did-izma-harness-her-experiences-to-bring-about-positive-change-nbsp\">\u00bfC\u00f3mo aprovech\u00f3 Izma sus experiencias para generar un cambio positivo?&nbsp;<\/h2>\n\n\n\n<p>Izma dedic\u00f3 incontables horas a perfeccionar sus habilidades comunicativas. El 24 de mayo de 2023, subi\u00f3 al escenario para pronunciar su discurso de despedida. Al hablar, no tartamude\u00f3 ni una sola vez. Todo su esfuerzo hab\u00eda dado sus frutos. &quot;Naturalmente, mi pasi\u00f3n es ayudar a otros a superar sus barreras comunicativas&quot;, dijo.&nbsp;&nbsp;<\/p>\n\n\n\n<p>Izma sue\u00f1a con convertirse en una logopeda experta e influyente para marcar una diferencia significativa en la vida de quienes la atiende. Quiere utilizar la tecnolog\u00eda y la investigaci\u00f3n para lograr los mejores resultados para las personas con trastornos de la comunicaci\u00f3n y planea participar en iniciativas de defensa para inspirar a futuros logopedas.&nbsp;<\/p>\n\n\n\n<p>\u201cQuiero empoderar a otros para que se hagan o\u00edr y creen conexiones significativas\u201d, comparti\u00f3 Izma. \u201cLas personas con trastornos de la comunicaci\u00f3n a menudo se sienten marginadas de la sociedad. Aunque las personas que tartamudean solo representan el 11% de la poblaci\u00f3n mundial, nuestras voces e ideas no deber\u00edan verse obstaculizadas por la tartamudez\u201d.&nbsp;<\/p>\n\n\n\n<h2 class=\"wp-block-heading\" id=\"h-what-is-izma-up-to-now-nbsp-nbsp\">\u00bfQu\u00e9 est\u00e1 haciendo Izma ahora?&nbsp;&nbsp;<\/h2>\n\n\n\n<p>Desde que obtuvo nuestra Beca Extraordinaria, Izma dedica la mayor parte de su tiempo a estudiar en la Universidad de Texas (UT) y participa en diversas organizaciones estudiantiles. Forma parte de la Asociaci\u00f3n Nacional de Estudiantes del Habla, el Lenguaje y la Audici\u00f3n (NSSLHA), donde los estudiantes profundizan en el campo de la Patolog\u00eda del Habla y el Lenguaje. Adem\u00e1s, Izma es voluntaria en Hearts for the Homeless, un grupo que ofrece controles gratuitos de presi\u00f3n arterial a personas sin hogar.&nbsp;&nbsp;<\/p>\n\n\n\n<p>Izma tambi\u00e9n forma parte del consejo estudiantil de la UT, colaborando espec\u00edficamente con la Agencia de Inclusi\u00f3n de Discapacidades para crear un campus m\u00e1s accesible para estudiantes con discapacidades f\u00edsicas y mentales. Adem\u00e1s, colabora con la Organizaci\u00f3n de Liderazgo Estudiantil del Instituto Lang de Tartamudez (LSI SLO), que aboga por los estudiantes que tartamudean y apoya a la comunidad tartamuda despu\u00e9s de su graduaci\u00f3n, tanto en su vida interpersonal como profesional.\u00a0<\/p>\n\n\n\n<p>\u201cHe tenido la oportunidad de conocer a much\u00edsima gente incre\u00edble y crear a\u00fan m\u00e1s recuerdos maravillosos\u201d, afirm\u00f3 Izma.&nbsp;<\/p>\n\n\n\n<h2 class=\"wp-block-heading\" id=\"h-daniel-stark-s-extraordinary-scholarship-nbsp-nbsp\">La extraordinaria beca de Daniel Stark&nbsp;&nbsp;<\/h2>\n\n\n\n<p>\u201cSimplemente no tengo palabras para expresar mi gratitud por la Beca Extraordinaria\u201d, expres\u00f3 Izma. \u201cFue un salvavidas, cubri\u00f3 los \u00faltimos $1,000 que necesitaba para que mi a\u00f1o escolar fuera completamente gratis. Sin ella, mi familia habr\u00eda enfrentado una enorme presi\u00f3n financiera, lo que me habr\u00eda dificultado concentrarme en mi educaci\u00f3n y disfrutar de mi primer a\u00f1o en UT Austin. \u00a1Estoy verdaderamente agradecida por la oportunidad y el apoyo que me ha brindado la beca de Daniel Stark!\u201d\u00a0<\/p>\n\n\n\n<p>Agradecemos la oportunidad de apoyar a Izma en su trayectoria educativa en la Universidad de Texas. Nuestra misi\u00f3n es empoderar a la pr\u00f3xima generaci\u00f3n para que genere un impacto positivo, y nos honra compartir historias inspiradoras como la de Izma.&nbsp;&nbsp;&nbsp;<\/p>\n\n\n\n<p><strong>\u00a1Felicitaciones a todos nuestros ganadores de becas de 2023!&nbsp;<\/strong>&nbsp;<\/p>\n\n\n\n<p><strong>Para aplicar a nuestro programa de Becas Extraordinarias 2024,<\/strong><a href=\"https:\/\/www.danielstark.com\/es\/community\/extraordinary-scholarship\/\" target=\"_blank\" rel=\"noreferrer noopener\"><strong> <\/strong><\/a><a href=\"https:\/\/www.danielstark.com\/es\/community\/extraordinary-scholarship\/\" target=\"_blank\" rel=\"noreferrer noopener\"><strong>haga clic aqu\u00ed<\/strong><\/a><strong>.<\/strong><strong>&nbsp;<\/strong>&nbsp;<\/p>","protected":false},"author":25,"featured_media":14437,"menu_order":0,"template":"","format":"standard","tags":[],"blog_category":[889],"class_list":{"0":"post-14436","1":"blog","2":"type-blog","3":"status-publish","4":"format-standard","5":"has-post-thumbnail","7":"blog_category-community","8":"entry"},"acf":[],"yoast_head":"<!-- This site is optimized with the Yoast SEO Premium plugin v27.5 (Yoast SEO v27.5) - https:\/\/yoast.com\/product\/yoast-seo-premium-wordpress\/ -->\n<title>Scholarship Winner Promotes Awareness | Daniel Stark Injury Lawyers<\/title>\n<meta name=\"description\" content=\"Here&#039;s how one of our Extraordinary Scholarship recipients overcame her speech impediment and helps others navigate similar challenges.\u00a0\" \/>\n<meta name=\"robots\" content=\"index, follow, max-snippet:-1, max-image-preview:large, max-video-preview:-1\" \/>\n<link rel=\"canonical\" href=\"https:\/\/www.danielstark.com\/es\/blog\/why-an-extraordinary-scholarship-winner-advocates-for-communication-disorder-awareness\/\" \/>\n<meta property=\"og:locale\" content=\"es_MX\" \/>\n<meta property=\"og:type\" content=\"article\" \/>\n<meta property=\"og:title\" content=\"Why an Extraordinary Scholarship Winner Advocates for Communication Disorder Awareness\u00a0\" \/>\n<meta property=\"og:description\" content=\"Here&#039;s how one of our Extraordinary Scholarship recipients overcame her speech impediment and helps others navigate similar challenges.\u00a0\" \/>\n<meta property=\"og:url\" content=\"https:\/\/www.danielstark.com\/es\/blog\/why-an-extraordinary-scholarship-winner-advocates-for-communication-disorder-awareness\/\" \/>\n<meta property=\"og:site_name\" content=\"Daniel Stark Injury Lawyers\" \/>\n<meta property=\"article:publisher\" content=\"https:\/\/www.facebook.com\/DanielStarkLaw\" \/>\n<meta property=\"article:modified_time\" content=\"2025-04-22T18:17:14+00:00\" \/>\n<meta property=\"og:image\" content=\"https:\/\/www.danielstark.com\/wp-content\/uploads\/2024\/03\/shutterstock_2337136275-scaled.jpg\" \/>\n\t<meta property=\"og:image:width\" content=\"2560\" \/>\n\t<meta property=\"og:image:height\" content=\"1667\" \/>\n\t<meta property=\"og:image:type\" content=\"image\/jpeg\" \/>\n<meta name=\"twitter:card\" content=\"summary_large_image\" \/>\n<meta name=\"twitter:label1\" content=\"Est. reading time\" \/>\n\t<meta name=\"twitter:data1\" content=\"4 minutos\" \/>\n<script type=\"application\/ld+json\" class=\"yoast-schema-graph\">{\"@context\":\"https:\\\/\\\/schema.org\",\"@graph\":[{\"@type\":[\"Article\",\"BlogPosting\"],\"@id\":\"https:\\\/\\\/www.danielstark.com\\\/blog\\\/why-an-extraordinary-scholarship-winner-advocates-for-communication-disorder-awareness\\\/#article\",\"isPartOf\":{\"@id\":\"https:\\\/\\\/www.danielstark.com\\\/blog\\\/why-an-extraordinary-scholarship-winner-advocates-for-communication-disorder-awareness\\\/\"},\"author\":{\"name\":\"linda\",\"@id\":\"https:\\\/\\\/www.danielstark.com\\\/#\\\/schema\\\/person\\\/7b5f7ea73ab3c0c33358e9238dd777d8\"},\"headline\":\"Why an Extraordinary Scholarship Winner Advocates for Communication Disorder Awareness\u00a0\",\"datePublished\":\"2024-05-01T10:30:00+00:00\",\"dateModified\":\"2025-04-22T18:17:14+00:00\",\"mainEntityOfPage\":{\"@id\":\"https:\\\/\\\/www.danielstark.com\\\/blog\\\/why-an-extraordinary-scholarship-winner-advocates-for-communication-disorder-awareness\\\/\"},\"wordCount\":680,\"publisher\":{\"@id\":\"https:\\\/\\\/www.danielstark.com\\\/#organization\"},\"image\":{\"@id\":\"https:\\\/\\\/www.danielstark.com\\\/blog\\\/why-an-extraordinary-scholarship-winner-advocates-for-communication-disorder-awareness\\\/#primaryimage\"},\"thumbnailUrl\":\"https:\\\/\\\/www.danielstark.com\\\/wp-content\\\/uploads\\\/2024\\\/03\\\/shutterstock_2337136275-scaled.jpg\",\"inLanguage\":\"es\"},{\"@type\":\"WebPage\",\"@id\":\"https:\\\/\\\/www.danielstark.com\\\/blog\\\/why-an-extraordinary-scholarship-winner-advocates-for-communication-disorder-awareness\\\/\",\"url\":\"https:\\\/\\\/www.danielstark.com\\\/blog\\\/why-an-extraordinary-scholarship-winner-advocates-for-communication-disorder-awareness\\\/\",\"name\":\"Scholarship Winner Promotes Awareness | Daniel Stark Injury Lawyers\",\"isPartOf\":{\"@id\":\"https:\\\/\\\/www.danielstark.com\\\/#website\"},\"primaryImageOfPage\":{\"@id\":\"https:\\\/\\\/www.danielstark.com\\\/blog\\\/why-an-extraordinary-scholarship-winner-advocates-for-communication-disorder-awareness\\\/#primaryimage\"},\"image\":{\"@id\":\"https:\\\/\\\/www.danielstark.com\\\/blog\\\/why-an-extraordinary-scholarship-winner-advocates-for-communication-disorder-awareness\\\/#primaryimage\"},\"thumbnailUrl\":\"https:\\\/\\\/www.danielstark.com\\\/wp-content\\\/uploads\\\/2024\\\/03\\\/shutterstock_2337136275-scaled.jpg\",\"datePublished\":\"2024-05-01T10:30:00+00:00\",\"dateModified\":\"2025-04-22T18:17:14+00:00\",\"description\":\"Here's how one of our Extraordinary Scholarship recipients overcame her speech impediment and helps others navigate similar challenges.\u00a0\",\"breadcrumb\":{\"@id\":\"https:\\\/\\\/www.danielstark.com\\\/blog\\\/why-an-extraordinary-scholarship-winner-advocates-for-communication-disorder-awareness\\\/#breadcrumb\"},\"inLanguage\":\"es\",\"potentialAction\":[{\"@type\":\"ReadAction\",\"target\":[\"https:\\\/\\\/www.danielstark.com\\\/blog\\\/why-an-extraordinary-scholarship-winner-advocates-for-communication-disorder-awareness\\\/\"]}]},{\"@type\":\"ImageObject\",\"inLanguage\":\"es\",\"@id\":\"https:\\\/\\\/www.danielstark.com\\\/blog\\\/why-an-extraordinary-scholarship-winner-advocates-for-communication-disorder-awareness\\\/#primaryimage\",\"url\":\"https:\\\/\\\/www.danielstark.com\\\/wp-content\\\/uploads\\\/2024\\\/03\\\/shutterstock_2337136275-scaled.jpg\",\"contentUrl\":\"https:\\\/\\\/www.danielstark.com\\\/wp-content\\\/uploads\\\/2024\\\/03\\\/shutterstock_2337136275-scaled.jpg\",\"width\":2048,\"height\":1334},{\"@type\":\"BreadcrumbList\",\"@id\":\"https:\\\/\\\/www.danielstark.com\\\/blog\\\/why-an-extraordinary-scholarship-winner-advocates-for-communication-disorder-awareness\\\/#breadcrumb\",\"itemListElement\":[{\"@type\":\"ListItem\",\"position\":1,\"name\":\"Home\",\"item\":\"https:\\\/\\\/www.danielstark.com\\\/\"},{\"@type\":\"ListItem\",\"position\":2,\"name\":\"Blogs\",\"item\":\"https:\\\/\\\/www.danielstark.com\\\/blog\\\/\"},{\"@type\":\"ListItem\",\"position\":3,\"name\":\"Why an Extraordinary Scholarship Winner Advocates for Communication Disorder Awareness\u00a0\"}]},{\"@type\":\"WebSite\",\"@id\":\"https:\\\/\\\/www.danielstark.com\\\/#website\",\"url\":\"https:\\\/\\\/www.danielstark.com\\\/\",\"name\":\"Daniel Stark Injury Lawyers\",\"description\":\"\",\"publisher\":{\"@id\":\"https:\\\/\\\/www.danielstark.com\\\/#organization\"},\"potentialAction\":[{\"@type\":\"SearchAction\",\"target\":{\"@type\":\"EntryPoint\",\"urlTemplate\":\"https:\\\/\\\/www.danielstark.com\\\/?s={search_term_string}\"},\"query-input\":{\"@type\":\"PropertyValueSpecification\",\"valueRequired\":true,\"valueName\":\"search_term_string\"}}],\"inLanguage\":\"es\"},{\"@type\":\"Organization\",\"@id\":\"https:\\\/\\\/www.danielstark.com\\\/#organization\",\"name\":\"Daniel Stark Injury Lawyers\",\"url\":\"https:\\\/\\\/www.danielstark.com\\\/\",\"logo\":{\"@type\":\"ImageObject\",\"inLanguage\":\"es\",\"@id\":\"https:\\\/\\\/www.danielstark.com\\\/#\\\/schema\\\/logo\\\/image\\\/\",\"url\":\"https:\\\/\\\/www.danielstark.com\\\/wp-content\\\/uploads\\\/2023\\\/05\\\/blog-logo.png\",\"contentUrl\":\"https:\\\/\\\/www.danielstark.com\\\/wp-content\\\/uploads\\\/2023\\\/05\\\/blog-logo.png\",\"width\":78,\"height\":77,\"caption\":\"Daniel Stark Injury Lawyers\"},\"image\":{\"@id\":\"https:\\\/\\\/www.danielstark.com\\\/#\\\/schema\\\/logo\\\/image\\\/\"},\"sameAs\":[\"https:\\\/\\\/www.facebook.com\\\/DanielStarkLaw\",\"https:\\\/\\\/www.instagram.com\\\/danielstarklaw\\\/\",\"https:\\\/\\\/www.youtube.com\\\/Danielstarklaw\",\"https:\\\/\\\/www.linkedin.com\\\/company\\\/daniel-stark-injury-lawyers\"]},{\"@type\":\"Person\",\"@id\":\"https:\\\/\\\/www.danielstark.com\\\/#\\\/schema\\\/person\\\/7b5f7ea73ab3c0c33358e9238dd777d8\",\"name\":\"linda\",\"image\":{\"@type\":\"ImageObject\",\"inLanguage\":\"es\",\"@id\":\"https:\\\/\\\/secure.gravatar.com\\\/avatar\\\/1515a0e7e22a01b5dd7c9236aa14790fc36ea7734b61a105de012f0b8d167848?s=96&d=mm&r=g\",\"url\":\"https:\\\/\\\/secure.gravatar.com\\\/avatar\\\/1515a0e7e22a01b5dd7c9236aa14790fc36ea7734b61a105de012f0b8d167848?s=96&d=mm&r=g\",\"contentUrl\":\"https:\\\/\\\/secure.gravatar.com\\\/avatar\\\/1515a0e7e22a01b5dd7c9236aa14790fc36ea7734b61a105de012f0b8d167848?s=96&d=mm&r=g\",\"caption\":\"linda\"}}]}<\/script>\n<!-- \/ Yoast SEO Premium plugin. -->","yoast_head_json":{"title":"Scholarship Winner Promotes Awareness | Daniel Stark Injury Lawyers","description":"Here's how one of our Extraordinary Scholarship recipients overcame her speech impediment and helps others navigate similar challenges.\u00a0","robots":{"index":"index","follow":"follow","max-snippet":"max-snippet:-1","max-image-preview":"max-image-preview:large","max-video-preview":"max-video-preview:-1"},"canonical":"https:\/\/www.danielstark.com\/es\/blog\/why-an-extraordinary-scholarship-winner-advocates-for-communication-disorder-awareness\/","og_locale":"es_MX","og_type":"article","og_title":"Why an Extraordinary Scholarship Winner Advocates for Communication Disorder Awareness\u00a0","og_description":"Here's how one of our Extraordinary Scholarship recipients overcame her speech impediment and helps others navigate similar challenges.\u00a0","og_url":"https:\/\/www.danielstark.com\/es\/blog\/why-an-extraordinary-scholarship-winner-advocates-for-communication-disorder-awareness\/","og_site_name":"Daniel Stark Injury Lawyers","article_publisher":"https:\/\/www.facebook.com\/DanielStarkLaw","article_modified_time":"2025-04-22T18:17:14+00:00","og_image":[{"width":2560,"height":1667,"url":"https:\/\/www.danielstark.com\/wp-content\/uploads\/2024\/03\/shutterstock_2337136275-scaled.jpg","type":"image\/jpeg"}],"twitter_card":"summary_large_image","twitter_misc":{"Est. reading time":"4 minutos"},"schema":{"@context":"https:\/\/schema.org","@graph":[{"@type":["Article","BlogPosting"],"@id":"https:\/\/www.danielstark.com\/blog\/why-an-extraordinary-scholarship-winner-advocates-for-communication-disorder-awareness\/#article","isPartOf":{"@id":"https:\/\/www.danielstark.com\/blog\/why-an-extraordinary-scholarship-winner-advocates-for-communication-disorder-awareness\/"},"author":{"name":"linda","@id":"https:\/\/www.danielstark.com\/#\/schema\/person\/7b5f7ea73ab3c0c33358e9238dd777d8"},"headline":"Why an Extraordinary Scholarship Winner Advocates for Communication Disorder Awareness\u00a0","datePublished":"2024-05-01T10:30:00+00:00","dateModified":"2025-04-22T18:17:14+00:00","mainEntityOfPage":{"@id":"https:\/\/www.danielstark.com\/blog\/why-an-extraordinary-scholarship-winner-advocates-for-communication-disorder-awareness\/"},"wordCount":680,"publisher":{"@id":"https:\/\/www.danielstark.com\/#organization"},"image":{"@id":"https:\/\/www.danielstark.com\/blog\/why-an-extraordinary-scholarship-winner-advocates-for-communication-disorder-awareness\/#primaryimage"},"thumbnailUrl":"https:\/\/www.danielstark.com\/wp-content\/uploads\/2024\/03\/shutterstock_2337136275-scaled.jpg","inLanguage":"es"},{"@type":"WebPage","@id":"https:\/\/www.danielstark.com\/blog\/why-an-extraordinary-scholarship-winner-advocates-for-communication-disorder-awareness\/","url":"https:\/\/www.danielstark.com\/blog\/why-an-extraordinary-scholarship-winner-advocates-for-communication-disorder-awareness\/","name":"Scholarship Winner Promotes Awareness | Daniel Stark Injury Lawyers","isPartOf":{"@id":"https:\/\/www.danielstark.com\/#website"},"primaryImageOfPage":{"@id":"https:\/\/www.danielstark.com\/blog\/why-an-extraordinary-scholarship-winner-advocates-for-communication-disorder-awareness\/#primaryimage"},"image":{"@id":"https:\/\/www.danielstark.com\/blog\/why-an-extraordinary-scholarship-winner-advocates-for-communication-disorder-awareness\/#primaryimage"},"thumbnailUrl":"https:\/\/www.danielstark.com\/wp-content\/uploads\/2024\/03\/shutterstock_2337136275-scaled.jpg","datePublished":"2024-05-01T10:30:00+00:00","dateModified":"2025-04-22T18:17:14+00:00","description":"Here's how one of our Extraordinary Scholarship recipients overcame her speech impediment and helps others navigate similar challenges.\u00a0","breadcrumb":{"@id":"https:\/\/www.danielstark.com\/blog\/why-an-extraordinary-scholarship-winner-advocates-for-communication-disorder-awareness\/#breadcrumb"},"inLanguage":"es","potentialAction":[{"@type":"ReadAction","target":["https:\/\/www.danielstark.com\/blog\/why-an-extraordinary-scholarship-winner-advocates-for-communication-disorder-awareness\/"]}]},{"@type":"ImageObject","inLanguage":"es","@id":"https:\/\/www.danielstark.com\/blog\/why-an-extraordinary-scholarship-winner-advocates-for-communication-disorder-awareness\/#primaryimage","url":"https:\/\/www.danielstark.com\/wp-content\/uploads\/2024\/03\/shutterstock_2337136275-scaled.jpg","contentUrl":"https:\/\/www.danielstark.com\/wp-content\/uploads\/2024\/03\/shutterstock_2337136275-scaled.jpg","width":2048,"height":1334},{"@type":"BreadcrumbList","@id":"https:\/\/www.danielstark.com\/blog\/why-an-extraordinary-scholarship-winner-advocates-for-communication-disorder-awareness\/#breadcrumb","itemListElement":[{"@type":"ListItem","position":1,"name":"Home","item":"https:\/\/www.danielstark.com\/"},{"@type":"ListItem","position":2,"name":"Blogs","item":"https:\/\/www.danielstark.com\/blog\/"},{"@type":"ListItem","position":3,"name":"Why an Extraordinary Scholarship Winner Advocates for Communication Disorder Awareness\u00a0"}]},{"@type":"WebSite","@id":"https:\/\/www.danielstark.com\/#website","url":"https:\/\/www.danielstark.com\/","name":"Abogados de lesiones personales de Daniel Stark","description":"","publisher":{"@id":"https:\/\/www.danielstark.com\/#organization"},"potentialAction":[{"@type":"SearchAction","target":{"@type":"EntryPoint","urlTemplate":"https:\/\/www.danielstark.com\/?s={search_term_string}"},"query-input":{"@type":"PropertyValueSpecification","valueRequired":true,"valueName":"search_term_string"}}],"inLanguage":"es"},{"@type":"Organization","@id":"https:\/\/www.danielstark.com\/#organization","name":"Abogados de lesiones personales de Daniel Stark","url":"https:\/\/www.danielstark.com\/","logo":{"@type":"ImageObject","inLanguage":"es","@id":"https:\/\/www.danielstark.com\/#\/schema\/logo\/image\/","url":"https:\/\/www.danielstark.com\/wp-content\/uploads\/2023\/05\/blog-logo.png","contentUrl":"https:\/\/www.danielstark.com\/wp-content\/uploads\/2023\/05\/blog-logo.png","width":78,"height":77,"caption":"Daniel Stark Injury Lawyers"},"image":{"@id":"https:\/\/www.danielstark.com\/#\/schema\/logo\/image\/"},"sameAs":["https:\/\/www.facebook.com\/DanielStarkLaw","https:\/\/www.instagram.com\/danielstarklaw\/","https:\/\/www.youtube.com\/Danielstarklaw","https:\/\/www.linkedin.com\/company\/daniel-stark-injury-lawyers"]},{"@type":"Person","@id":"https:\/\/www.danielstark.com\/#\/schema\/person\/7b5f7ea73ab3c0c33358e9238dd777d8","name":"linda","image":{"@type":"ImageObject","inLanguage":"es","@id":"https:\/\/secure.gravatar.com\/avatar\/1515a0e7e22a01b5dd7c9236aa14790fc36ea7734b61a105de012f0b8d167848?s=96&d=mm&r=g","url":"https:\/\/secure.gravatar.com\/avatar\/1515a0e7e22a01b5dd7c9236aa14790fc36ea7734b61a105de012f0b8d167848?s=96&d=mm&r=g","contentUrl":"https:\/\/secure.gravatar.com\/avatar\/1515a0e7e22a01b5dd7c9236aa14790fc36ea7734b61a105de012f0b8d167848?s=96&d=mm&r=g","caption":"linda"}}]}},"_links":{"self":[{"href":"https:\/\/www.danielstark.com\/es\/wp-json\/wp\/v2\/blog\/14436","targetHints":{"allow":["GET"]}}],"collection":[{"href":"https:\/\/www.danielstark.com\/es\/wp-json\/wp\/v2\/blog"}],"about":[{"href":"https:\/\/www.danielstark.com\/es\/wp-json\/wp\/v2\/types\/blog"}],"author":[{"embeddable":true,"href":"https:\/\/www.danielstark.com\/es\/wp-json\/wp\/v2\/users\/25"}],"version-history":[{"count":0,"href":"https:\/\/www.danielstark.com\/es\/wp-json\/wp\/v2\/blog\/14436\/revisions"}],"wp:featuredmedia":[{"embeddable":true,"href":"https:\/\/www.danielstark.com\/es\/wp-json\/wp\/v2\/media\/14437"}],"wp:attachment":[{"href":"https:\/\/www.danielstark.com\/es\/wp-json\/wp\/v2\/media?parent=14436"}],"wp:term":[{"taxonomy":"post_tag","embeddable":true,"href":"https:\/\/www.danielstark.com\/es\/wp-json\/wp\/v2\/tags?post=14436"},{"taxonomy":"blog_category","embeddable":true,"href":"https:\/\/www.danielstark.com\/es\/wp-json\/wp\/v2\/blog_category?post=14436"}],"curies":[{"name":"wp","href":"https:\/\/api.w.org\/{rel}","templated":true}]}}