{"id":16747,"date":"2025-08-07T05:00:00","date_gmt":"2025-08-07T12:00:00","guid":{"rendered":"https:\/\/www.danielstark.com\/?post_type=blog&#038;p=16747"},"modified":"2025-08-06T05:16:26","modified_gmt":"2025-08-06T12:16:26","slug":"ghislaine-maxwell-transferred-to-minimum-security-prison-in-bryan-texas","status":"publish","type":"blog","link":"https:\/\/www.danielstark.com\/es\/blog\/ghislaine-maxwell-transferred-to-minimum-security-prison-in-bryan-texas\/","title":{"rendered":"Ghislaine Maxwell fue trasladada a una prisi\u00f3n de m\u00ednima seguridad en Bryan, Texas."},"content":{"rendered":"<p class=\"wp-block-paragraph\">Autor: Shelby Benavidez&nbsp;<\/p>\n\n\n\n<p class=\"wp-block-paragraph\">Ghislaine Maxwell, ex figura de la alta sociedad brit\u00e1nica y estrecha colaboradora del fallecido financiero Jeffrey Epstein, cumple actualmente una condena de 20 a\u00f1os de prisi\u00f3n por trata de personas con fines sexuales y delitos conexos. Recientemente, fue trasladada de una prisi\u00f3n de baja seguridad en Florida a un centro penitenciario federal de m\u00ednima seguridad en Bryan, Texas. Este traslado ha generado un debate nacional, especialmente a la luz de su implicaci\u00f3n en uno de los casos de abuso m\u00e1s sonados de la historia reciente de Estados Unidos.&nbsp;<\/p>\n\n\n\n<p class=\"wp-block-paragraph\">El traslado a Bryan, Texas, una ciudad relativamente peque\u00f1a conocida por la Universidad Texas A&amp;M y una comunidad muy unida, ha suscitado interrogantes entre los residentes y los expertos legales. Muchos lugare\u00f1os sienten curiosidad o preocupaci\u00f3n por la presencia de un recluso de tan alto perfil en su ciudad. Hasta el momento, las autoridades locales no han hecho declaraciones p\u00fablicas, pero la medida sin duda ha llamado la atenci\u00f3n de los residentes de Bryan.&nbsp;<\/p>\n\n\n\n<h2 class=\"wp-block-heading\" id=\"h-who-was-jeffrey-epstein-and-who-is-ghislaine-maxwell-nbsp\"><strong>\u00bfQui\u00e9n era Jeffrey Epstein y qui\u00e9n es Ghislaine Maxwell?<\/strong>&nbsp;<\/h2>\n\n\n\n<h4 class=\"wp-block-heading\" id=\"h-who-was-jeffrey-epstein-nbsp\"><strong>\u00bfQui\u00e9n era Jeffrey Epstein?<\/strong>&nbsp;<\/h4>\n\n\n\n<p class=\"wp-block-paragraph\">Jeffrey Epstein era un financiero adinerado y un delincuente sexual convicto que se mov\u00eda en c\u00edrculos sociales y pol\u00edticos de \u00e9lite en todo el mundo. En 2008, <a href=\"https:\/\/www.npr.org\/2025\/07\/25\/nx-s1-5478620\/jeffrey-epstein-crimes-timeline-legal-case\" target=\"_blank\" rel=\"noreferrer noopener\">Epstein se declar\u00f3 culpable de cargos estatales por solicitar prostituci\u00f3n a una menor.<\/a> En Florida, cumpli\u00f3 13 meses de c\u00e1rcel en virtud de un acuerdo con la fiscal\u00eda. Este acuerdo fue duramente criticado por ser demasiado indulgente, especialmente dada la gravedad de sus delitos.&nbsp;<\/p>\n\n\n\n<p class=\"wp-block-paragraph\">Investigaciones posteriores revelaron que Epstein presuntamente abus\u00f3 de decenas (y posiblemente cientos) de ni\u00f1as menores de edad durante varias d\u00e9cadas. Las autoridades dijeron que utiliz\u00f3 sus casas en Florida, Nueva York, las Islas V\u00edrgenes de los Estados Unidos y otros lugares. <a href=\"https:\/\/www.miamiherald.com\/news\/local\/crime\/article239319168.html\" target=\"_blank\" rel=\"noreferrer noopener\">para dirigir una operaci\u00f3n de trata sexual a gran escala<\/a>. Fue arrestado nuevamente en 2019 por cargos federales de tr\u00e1fico sexual, pero <a href=\"https:\/\/en.wikipedia.org\/wiki\/Death_of_Jeffrey_Epstein\" target=\"_blank\" rel=\"noreferrer noopener\">Muri\u00f3 por suicidio en la c\u00e1rcel antes de ser juzgado.<\/a>. Su muerte desencaden\u00f3 investigaciones en curso sobre su red de contactos y provoc\u00f3 exigencias p\u00fablicas de rendici\u00f3n de cuentas por parte de quienes estaban relacionados con \u00e9l.&nbsp;<\/p>\n\n\n\n<p class=\"wp-block-paragraph\">Lo que hace que el caso de Epstein sea particularmente inquietante es el largo historial de acusaciones y la cantidad de figuras poderosas con las que se relacionaba, incluyendo pol\u00edticos, miembros de la realeza y celebridades. La muerte de Epstein trunc\u00f3 su juicio, pero abri\u00f3 la puerta a investigaciones m\u00e1s profundas sobre sus asociados.&nbsp;<\/p>\n\n\n\n<h4 class=\"wp-block-heading\" id=\"h-maxwell-s-role-in-epstein-s-sex-trafficking-network-nbsp\"><strong>El papel de Maxwell en la red de tr\u00e1fico sexual de Epstein<\/strong>&nbsp;<\/h4>\n\n\n\n<p class=\"wp-block-paragraph\">Ghislaine Maxwell era una colaboradora cercana y confidente de Jeffrey Epstein. Los fiscales alegaron que ayud\u00f3 a Epstein reclutando y preparando a ni\u00f1as menores de edad para abusar de ellas. Los testigos describieron a Maxwell como una &quot;adulta de confianza&quot; que se gan\u00f3 la confianza de las j\u00f3venes y organiz\u00f3 encuentros con Epstein bajo falsas pretensiones. Varias mujeres testificaron que <a href=\"https:\/\/www.cbsnews.com\/news\/ghislaine-maxwell-trial-four-accusers-testify-jeffrey-epstein\/\" target=\"_blank\" rel=\"noreferrer noopener\">Maxwell no solo organiz\u00f3 los encuentros, sino que tambi\u00e9n particip\u00f3 en algunos de ellos.<\/a>.&nbsp;<\/p>\n\n\n\n<p class=\"wp-block-paragraph\">Maxwell&#039;s <a href=\"https:\/\/kfoxtv.com\/news\/entertainment\/whats-going-on-with-ghislaine-maxwells-sex-abuse-trial\" target=\"_blank\" rel=\"noreferrer noopener\">El equipo de la defensa argument\u00f3 que estaba siendo objeto de un trato injusto.<\/a> y no estuvo involucrada en ning\u00fan abuso. Sin embargo, los testimonios de las sobrevivientes durante el juicio pintaron un panorama diferente. Describieron a Maxwell como profundamente involucrada en las operaciones diarias de la red de abuso de Epstein: programando citas, proporcionando regalos a las v\u00edctimas y normalizando el comportamiento inapropiado para que las ni\u00f1as sintieran que era aceptable. Con base en este testimonio, <a href=\"https:\/\/www.justice.gov\/usao-sdny\/pr\/ghislaine-maxwell-sentenced-20-years-prison-conspiring-jeffrey-epstein-sexually-abuse\" target=\"_blank\" rel=\"noreferrer noopener\">Maxwell fue declarado culpable en diciembre de 2021 de cinco cargos relacionados con trata de personas con fines sexuales y conspiraci\u00f3n.<\/a> y condenada a 20 a\u00f1os de prisi\u00f3n en junio de 2022. Su equipo legal apel\u00f3 la condena y el caso est\u00e1 pendiente ante la Corte Suprema de los Estados Unidos.&nbsp;<\/p>\n\n\n\n<h2 class=\"wp-block-heading\" id=\"h-why-was-maxwell-transferred-to-bryan-texas-nbsp\"><strong>\u00bfPor qu\u00e9 trasladaron a Maxwell a Bryan, Texas?<\/strong>&nbsp;<\/h2>\n\n\n\n<h4 class=\"wp-block-heading\" id=\"h-details-of-the-transfer-nbsp\"><strong>Detalles de la transferencia<\/strong>&nbsp;<\/h4>\n\n\n\n<p class=\"wp-block-paragraph\">En julio de 2025, <a href=\"https:\/\/www.bop.gov\/locations\/institutions\/tal\/\" target=\"_blank\" rel=\"noreferrer noopener\">Ghislaine Maxwell fue trasladada de la prisi\u00f3n federal de Tallahassee.<\/a>, una prisi\u00f3n federal de baja seguridad en Florida, a una <a href=\"https:\/\/www.bop.gov\/locations\/institutions\/bry\/\" target=\"_blank\" rel=\"noreferrer noopener\">Campo penitenciario federal de m\u00ednima seguridad en Bryan, Texas.<\/a> La Oficina Federal de Prisiones (BOP) confirm\u00f3 el traslado, pero no proporcion\u00f3 razones espec\u00edficas para la medida.&nbsp;<\/p>\n\n\n\n<p class=\"wp-block-paragraph\">Un portavoz de la BOP dijo: \u201cPodemos confirmar, <a href=\"https:\/\/www.cnn.com\/2025\/08\/01\/politics\/ghislaine-maxwell-federal-prison-texas\" target=\"_blank\" rel=\"noreferrer noopener\">Ghislaine Maxwell se encuentra bajo custodia de la Oficina de Prisiones.<\/a> en el campo penitenciario federal de Bryan, en Bryan, Texas.\u201d&nbsp;<\/p>\n\n\n\n<p class=\"wp-block-paragraph\">Esta decisi\u00f3n ha atra\u00eddo la atenci\u00f3n nacional, en parte porque Bryan es una ciudad m\u00e1s peque\u00f1a, alejada de los principales centros urbanos donde Maxwell hab\u00eda estado recluida anteriormente.&nbsp;<\/p>\n\n\n\n<h4 class=\"wp-block-heading\" id=\"h-what-is-the-bryan-federal-prison-camp-like-nbsp\"><strong>\u00bfC\u00f3mo es el campo de prisioneros federal de Bryan?<\/strong>&nbsp;<\/h4>\n\n\n\n<p class=\"wp-block-paragraph\">El Campamento Penitenciario Federal de Bryan es un centro de m\u00ednima seguridad que alberga a mujeres en habitaciones compartidas. Ofrece programas educativos y laborales, pero es menos restrictivo que las prisiones de m\u00e1xima seguridad. Este tipo de centro suele albergar a reclusas consideradas de bajo riesgo o no violentas.&nbsp;<\/p>\n\n\n\n<p class=\"wp-block-paragraph\">El ambiente relativamente relajado de Bryan ha suscitado dudas sobre si es un lugar apropiado para alguien condenado por trata sexual de menores. Algunos reclusos y observadores locales han expresado su preocupaci\u00f3n por la idoneidad de alojar all\u00ed a Maxwell.&nbsp;<\/p>\n\n\n\n<h4 class=\"wp-block-heading\" id=\"h-reactions-from-experts-and-inmates-nbsp\"><strong>Reacciones de expertos y reclusos<\/strong>&nbsp;<\/h4>\n\n\n\n<p class=\"wp-block-paragraph\">El Dr. Mitchel Roth, profesor de justicia penal en la cercana Universidad Estatal Sam Houston, dijo: <a href=\"https:\/\/www.kbtx.com\/2025\/08\/01\/epstein-accomplice-ghislaine-maxwell-moved-bryan-prison\/\" target=\"_blank\" rel=\"noreferrer noopener\">KBTX<\/a>, \u201cEl traslado de Florida a Texas parece muy casual, ya sabes, teniendo en cuenta que acaba de prestar declaraci\u00f3n ante una especie de comit\u00e9 del que nadie sabe nada\u2026 Sin duda, ha mejorado su situaci\u00f3n de vida.\u201d&nbsp;<\/p>\n\n\n\n<p class=\"wp-block-paragraph\">Un <a href=\"https:\/\/www.yahoo.com\/news\/articles\/don-t-want-disgusting-sex-050000033.html?guccounter=1&amp;guce_referrer=aHR0cHM6Ly93d3cuZ29vZ2xlLmNvbS8&amp;guce_referrer_sig=AQAAAHaSa8e8oI1fbxldJnpJnudfs_4bfN4zTBFc8rTvPNThE5zva_cfZUXjNtVudM7p1KCsnBi-tCq3t0jBniF3HxJtUxWjgmjrLcIYkO4GDuTUmt31s8GshqeMAS2mD2woDT9EgCsJmhlPEGbsQ9loIk4C_TpSZ9189vCS-Dt0l79x\" target=\"_blank\" rel=\"noreferrer noopener\">El recluso del FPC Bryan tambi\u00e9n expres\u00f3 su frustraci\u00f3n.<\/a> dijo: \u201cTodas las reclusas con las que he hablado est\u00e1n molestas porque ella est\u00e1 aqu\u00ed. Se supone que este centro alberga a delincuentes no violentos. La trata de personas es un delito violento\u201d.\u201d&nbsp;<\/p>\n\n\n\n<p class=\"wp-block-paragraph\">Estos comentarios ponen de manifiesto los sentimientos encontrados que rodean la llegada de Maxwell a Bryan, desde expertos que cuestionan el momento y las condiciones hasta reclusos que expresan su preocupaci\u00f3n por alojar a un traficante sexual convicto en un centro de m\u00ednima seguridad.&nbsp;<\/p>\n\n\n\n<h2 class=\"wp-block-heading\" id=\"h-congressional-and-legal-developments-nbsp\"><strong>Novedades legislativas y legislativas<\/strong>&nbsp;<\/h2>\n\n\n\n<h4 class=\"wp-block-heading\" id=\"h-survivor-responses-nbsp\"><strong>Respuestas de los sobrevivientes<\/strong>&nbsp;<\/h4>\n\n\n\n<p class=\"wp-block-paragraph\">Tras conocerse la noticia del traslado de Ghislaine Maxwell a una prisi\u00f3n federal de m\u00ednima seguridad en Bryan, Texas, los supervivientes de los abusos de Jeffrey Epstein y sus familias han expresado su en\u00e9rgica protesta.&nbsp;<\/p>\n\n\n\n<p class=\"wp-block-paragraph\">En una declaraci\u00f3n p\u00fablica compartida con varios medios, incluyendo CNN, <a href=\"https:\/\/kfoxtv.com\/news\/nation-world\/trump-administration-mulls-releasing-doj-interview-transcript-with-ghislaine-maxwell-jeffrey-epstein-house-oversight-committee-james-comer-president-donald-trump-attorney-general-pam-bondi-kash-patel-burn-bags-investigation-probe-sex-trafficking\" target=\"_blank\" rel=\"noreferrer noopener\">La familia de Virginia Giuffre y otros sobrevivientes dijeron<\/a>:&nbsp;<\/p>\n\n\n\n<p class=\"wp-block-paragraph\">\u201cCon horror e indignaci\u00f3n, nos oponemos al trato preferencial que ha recibido Ghislaine Maxwell, condenada por tr\u00e1fico sexual. Ghislaine Maxwell es una depredadora sexual que agredi\u00f3 f\u00edsicamente a menores en m\u00faltiples ocasiones y jam\u00e1s deber\u00eda recibir ninguna indulgencia. Sin embargo, sin notificar a las v\u00edctimas, el gobierno la traslad\u00f3 de la noche a la ma\u00f1ana a una prisi\u00f3n de lujo de m\u00ednima seguridad en Texas. El sistema de justicia est\u00e1 fallando a las v\u00edctimas ante nuestros propios ojos.\u201d&nbsp;<\/p>\n\n\n\n<p class=\"wp-block-paragraph\">El comunicado continuaba:&nbsp;<\/p>\n\n\n\n<p class=\"wp-block-paragraph\">\u201cEl p\u00fablico estadounidense deber\u00eda estar indignado por el trato preferencial que se le est\u00e1 dando a un ped\u00f3filo y agresor sexual de menores con antecedentes penales. La administraci\u00f3n Trump no deber\u00eda creer ni una palabra de Maxwell, ya que el propio gobierno intent\u00f3 acusarla de mentirosa compulsiva. Esta maniobra huele a encubrimiento. Las v\u00edctimas merecen algo mejor.\u201d&nbsp;<\/p>\n\n\n\n<p class=\"wp-block-paragraph\">Estas declaraciones reflejan la preocupaci\u00f3n constante de los supervivientes sobre c\u00f3mo se est\u00e1 llevando a cabo el castigo de Maxwell, incluidas las condiciones de su encarcelamiento.&nbsp;<\/p>\n\n\n\n<h4 class=\"wp-block-heading\" id=\"h-legal-and-congressional-oversight-nbsp\"><strong>Supervisi\u00f3n legal y del Congreso<\/strong>&nbsp;<\/h4>\n\n\n\n<p class=\"wp-block-paragraph\">El Comit\u00e9 de Supervisi\u00f3n de la C\u00e1mara de Representantes ha solicitado al Departamento de Justicia documentos relacionados con el caso de Maxwell y la investigaci\u00f3n m\u00e1s amplia sobre Epstein. Los legisladores han mostrado inter\u00e9s en interrogar a Maxwell, aunque <a href=\"https:\/\/www.msnbc.com\/deadline-white-house\/deadline-legal-blog\/ghislaine-maxwell-testimony-congress-supreme-court-rcna222852\" target=\"_blank\" rel=\"noreferrer noopener\">Esos esfuerzos se han retrasado hasta que la Corte Suprema dicte sentencia.<\/a> sobre su apelaci\u00f3n.&nbsp;<\/p>\n\n\n\n<p class=\"wp-block-paragraph\">Mientras tanto, contin\u00faan las investigaciones sobre la red de Epstein, centr\u00e1ndose en los asociados que podr\u00edan haber evitado ser procesados. El equipo legal de Maxwell sostiene que una <a href=\"https:\/\/www.foxnews.com\/us\/ghislaine-maxwell-asks-supreme-court-overturn-conviction-citing-epstein-immunity-deal\" target=\"_blank\" rel=\"noreferrer noopener\">Acuerdo de no enjuiciamiento de 2007 alcanzado con Epstein<\/a> Deber\u00edan brindarle protecci\u00f3n. Esta demanda fue rechazada en el juicio, pero ahora est\u00e1 siendo revisada por la Corte Suprema.&nbsp;<\/p>\n\n\n\n<h4 class=\"wp-block-heading\" id=\"h-what-comes-next-for-ghislaine-maxwell-nbsp\"><strong>\u00bfQu\u00e9 le depara el futuro a Ghislaine Maxwell?<\/strong>&nbsp;<\/h4>\n\n\n\n<p class=\"wp-block-paragraph\">Hasta que el Tribunal Supremo emita un fallo, no habr\u00e1 nuevos cargos ni cambios en la sentencia de Maxwell. El proceso de apelaci\u00f3n podr\u00eda durar meses o incluso a\u00f1os, prolongando as\u00ed la saga legal.&nbsp;<\/p>\n\n\n\n<p class=\"wp-block-paragraph\">El traslado de Ghislaine Maxwell a una prisi\u00f3n de m\u00ednima seguridad en Bryan, Texas, ha reavivado la atenci\u00f3n nacional sobre uno de los casos legales m\u00e1s controvertidos de los \u00faltimos tiempos. Para la comunidad de Bryan, una ciudad conocida por sus barrios acogedores, sus peque\u00f1os negocios y su v\u00ednculo con la Universidad Texas A&amp;M, la llegada de una figura tan notoria representa una situaci\u00f3n inusual e inquietante.&nbsp;<\/p>\n\n\n\n<p class=\"wp-block-paragraph\">Si bien las autoridades locales han guardado silencio, los residentes han expresado una variedad de sentimientos, desde la sorpresa hasta la curiosidad. La presencia de Maxwell ha suscitado un debate m\u00e1s amplio sobre la justicia, el encarcelamiento y las responsabilidades que tienen las instituciones locales al albergar a reclusos de alto perfil.&nbsp;<\/p>\n\n\n\n<p class=\"wp-block-paragraph\">Su situaci\u00f3n legal permanece sin cambios por ahora, y su apelaci\u00f3n a\u00fan est\u00e1 pendiente de revisi\u00f3n por la Corte Suprema. Independientemente del resultado, el caso de Maxwell ha tenido un impacto duradero en el debate nacional sobre el crimen, el poder y la rendici\u00f3n de cuentas, y ahora tambi\u00e9n afecta a un peque\u00f1o pueblo de Texas.&nbsp;<\/p>","protected":false},"author":29,"featured_media":16748,"menu_order":0,"template":"","format":"standard","tags":[],"blog_category":[886],"class_list":["post-16747","blog","type-blog","status-publish","format-standard","has-post-thumbnail","blog_category-blog","entry"],"acf":[],"yoast_head":"<!-- This site is optimized with the Yoast SEO Premium plugin v28.1 (Yoast SEO v28.1) - https:\/\/yoast.com\/product\/yoast-seo-premium-wordpress\/ -->\n<title>Ghislaine Maxwell Transferred to Texas | Daniel Stark Injury Lawyers<\/title>\n<meta name=\"description\" content=\"Ghislaine Maxwell was moved to a minimum-security prison in Bryan, TX, raising concerns over leniency and reigniting national debate about justice and power.\" \/>\n<meta name=\"robots\" content=\"index, follow, max-snippet:-1, max-image-preview:large, max-video-preview:-1\" \/>\n<link rel=\"canonical\" href=\"https:\/\/www.danielstark.com\/es\/blog\/ghislaine-maxwell-transferred-to-minimum-security-prison-in-bryan-texas\/\" \/>\n<meta property=\"og:locale\" content=\"es_MX\" \/>\n<meta property=\"og:type\" content=\"article\" \/>\n<meta property=\"og:title\" content=\"Ghislaine Maxwell Transferred to Minimum-Security Prison in Bryan, Texas\" \/>\n<meta property=\"og:description\" content=\"Ghislaine Maxwell was moved to a minimum-security prison in Bryan, TX, raising concerns over leniency and reigniting national debate about justice and power.\" \/>\n<meta property=\"og:url\" content=\"https:\/\/www.danielstark.com\/es\/blog\/ghislaine-maxwell-transferred-to-minimum-security-prison-in-bryan-texas\/\" \/>\n<meta property=\"og:site_name\" content=\"Daniel Stark Injury Lawyers\" \/>\n<meta property=\"article:publisher\" content=\"https:\/\/www.facebook.com\/DanielStarkLaw\" \/>\n<meta property=\"og:image\" content=\"https:\/\/www.danielstark.com\/wp-content\/uploads\/2025\/08\/Ghislaine-Maxwell.webp\" \/>\n\t<meta property=\"og:image:width\" content=\"414\" \/>\n\t<meta property=\"og:image:height\" content=\"280\" \/>\n\t<meta property=\"og:image:type\" content=\"image\/webp\" \/>\n<meta name=\"twitter:card\" content=\"summary_large_image\" \/>\n<meta name=\"twitter:label1\" content=\"Est. reading time\" \/>\n\t<meta name=\"twitter:data1\" content=\"6 minutos\" \/>\n<script type=\"application\/ld+json\" class=\"yoast-schema-graph\">{\"@context\":\"https:\\\/\\\/schema.org\",\"@graph\":[{\"@type\":[\"Article\",\"BlogPosting\"],\"@id\":\"https:\\\/\\\/www.danielstark.com\\\/blog\\\/ghislaine-maxwell-transferred-to-minimum-security-prison-in-bryan-texas\\\/#article\",\"isPartOf\":{\"@id\":\"https:\\\/\\\/www.danielstark.com\\\/blog\\\/ghislaine-maxwell-transferred-to-minimum-security-prison-in-bryan-texas\\\/\"},\"author\":{\"name\":\"Shelby Benavidez\",\"@id\":\"https:\\\/\\\/www.danielstark.com\\\/#\\\/schema\\\/person\\\/955610c4b205f60da2cd28a5fa5f2ad5\"},\"headline\":\"Ghislaine Maxwell Transferred to Minimum-Security Prison in Bryan, Texas\",\"datePublished\":\"2025-08-07T12:00:00+00:00\",\"mainEntityOfPage\":{\"@id\":\"https:\\\/\\\/www.danielstark.com\\\/blog\\\/ghislaine-maxwell-transferred-to-minimum-security-prison-in-bryan-texas\\\/\"},\"wordCount\":1372,\"publisher\":{\"@id\":\"https:\\\/\\\/www.danielstark.com\\\/#organization\"},\"image\":{\"@id\":\"https:\\\/\\\/www.danielstark.com\\\/blog\\\/ghislaine-maxwell-transferred-to-minimum-security-prison-in-bryan-texas\\\/#primaryimage\"},\"thumbnailUrl\":\"https:\\\/\\\/www.danielstark.com\\\/wp-content\\\/uploads\\\/2025\\\/08\\\/Ghislaine-Maxwell.webp\",\"inLanguage\":\"es\"},{\"@type\":\"WebPage\",\"@id\":\"https:\\\/\\\/www.danielstark.com\\\/blog\\\/ghislaine-maxwell-transferred-to-minimum-security-prison-in-bryan-texas\\\/\",\"url\":\"https:\\\/\\\/www.danielstark.com\\\/blog\\\/ghislaine-maxwell-transferred-to-minimum-security-prison-in-bryan-texas\\\/\",\"name\":\"Ghislaine Maxwell Transferred to Texas | Daniel Stark Injury Lawyers\",\"isPartOf\":{\"@id\":\"https:\\\/\\\/www.danielstark.com\\\/#website\"},\"primaryImageOfPage\":{\"@id\":\"https:\\\/\\\/www.danielstark.com\\\/blog\\\/ghislaine-maxwell-transferred-to-minimum-security-prison-in-bryan-texas\\\/#primaryimage\"},\"image\":{\"@id\":\"https:\\\/\\\/www.danielstark.com\\\/blog\\\/ghislaine-maxwell-transferred-to-minimum-security-prison-in-bryan-texas\\\/#primaryimage\"},\"thumbnailUrl\":\"https:\\\/\\\/www.danielstark.com\\\/wp-content\\\/uploads\\\/2025\\\/08\\\/Ghislaine-Maxwell.webp\",\"datePublished\":\"2025-08-07T12:00:00+00:00\",\"description\":\"Ghislaine Maxwell was moved to a minimum-security prison in Bryan, TX, raising concerns over leniency and reigniting national debate about justice and power.\",\"breadcrumb\":{\"@id\":\"https:\\\/\\\/www.danielstark.com\\\/blog\\\/ghislaine-maxwell-transferred-to-minimum-security-prison-in-bryan-texas\\\/#breadcrumb\"},\"inLanguage\":\"es\",\"potentialAction\":[{\"@type\":\"ReadAction\",\"target\":[\"https:\\\/\\\/www.danielstark.com\\\/blog\\\/ghislaine-maxwell-transferred-to-minimum-security-prison-in-bryan-texas\\\/\"]}]},{\"@type\":\"ImageObject\",\"inLanguage\":\"es\",\"@id\":\"https:\\\/\\\/www.danielstark.com\\\/blog\\\/ghislaine-maxwell-transferred-to-minimum-security-prison-in-bryan-texas\\\/#primaryimage\",\"url\":\"https:\\\/\\\/www.danielstark.com\\\/wp-content\\\/uploads\\\/2025\\\/08\\\/Ghislaine-Maxwell.webp\",\"contentUrl\":\"https:\\\/\\\/www.danielstark.com\\\/wp-content\\\/uploads\\\/2025\\\/08\\\/Ghislaine-Maxwell.webp\",\"width\":414,\"height\":280,\"caption\":\"Prison mug shot of Sex Trafficker Ghislaine Maxwell | Daniel Stark Law\"},{\"@type\":\"BreadcrumbList\",\"@id\":\"https:\\\/\\\/www.danielstark.com\\\/blog\\\/ghislaine-maxwell-transferred-to-minimum-security-prison-in-bryan-texas\\\/#breadcrumb\",\"itemListElement\":[{\"@type\":\"ListItem\",\"position\":1,\"name\":\"Home\",\"item\":\"https:\\\/\\\/www.danielstark.com\\\/\"},{\"@type\":\"ListItem\",\"position\":2,\"name\":\"Blogs\",\"item\":\"https:\\\/\\\/www.danielstark.com\\\/blog\\\/\"},{\"@type\":\"ListItem\",\"position\":3,\"name\":\"Ghislaine Maxwell Transferred to Minimum-Security Prison in Bryan, Texas\"}]},{\"@type\":\"WebSite\",\"@id\":\"https:\\\/\\\/www.danielstark.com\\\/#website\",\"url\":\"https:\\\/\\\/www.danielstark.com\\\/\",\"name\":\"Daniel Stark Injury Lawyers\",\"description\":\"\",\"publisher\":{\"@id\":\"https:\\\/\\\/www.danielstark.com\\\/#organization\"},\"potentialAction\":[{\"@type\":\"SearchAction\",\"target\":{\"@type\":\"EntryPoint\",\"urlTemplate\":\"https:\\\/\\\/www.danielstark.com\\\/?s={search_term_string}\"},\"query-input\":{\"@type\":\"PropertyValueSpecification\",\"valueRequired\":true,\"valueName\":\"search_term_string\"}}],\"inLanguage\":\"es\"},{\"@type\":\"Organization\",\"@id\":\"https:\\\/\\\/www.danielstark.com\\\/#organization\",\"name\":\"Daniel Stark Injury Lawyers\",\"url\":\"https:\\\/\\\/www.danielstark.com\\\/\",\"logo\":{\"@type\":\"ImageObject\",\"inLanguage\":\"es\",\"@id\":\"https:\\\/\\\/www.danielstark.com\\\/#\\\/schema\\\/logo\\\/image\\\/\",\"url\":\"https:\\\/\\\/www.danielstark.com\\\/wp-content\\\/uploads\\\/2023\\\/05\\\/blog-logo.png\",\"contentUrl\":\"https:\\\/\\\/www.danielstark.com\\\/wp-content\\\/uploads\\\/2023\\\/05\\\/blog-logo.png\",\"width\":78,\"height\":77,\"caption\":\"Daniel Stark Injury Lawyers\"},\"image\":{\"@id\":\"https:\\\/\\\/www.danielstark.com\\\/#\\\/schema\\\/logo\\\/image\\\/\"},\"sameAs\":[\"https:\\\/\\\/www.facebook.com\\\/DanielStarkLaw\",\"https:\\\/\\\/www.instagram.com\\\/danielstarklaw\\\/\",\"https:\\\/\\\/www.youtube.com\\\/Danielstarklaw\",\"https:\\\/\\\/www.linkedin.com\\\/company\\\/daniel-stark-injury-lawyers\"]},{\"@type\":\"Person\",\"@id\":\"https:\\\/\\\/www.danielstark.com\\\/#\\\/schema\\\/person\\\/955610c4b205f60da2cd28a5fa5f2ad5\",\"name\":\"Shelby Benavidez\",\"image\":{\"@type\":\"ImageObject\",\"inLanguage\":\"es\",\"@id\":\"https:\\\/\\\/secure.gravatar.com\\\/avatar\\\/0f69e9fc4aef60b781bb71afb0e1a68b7da44f1b880c48149a1a49bfb0ad7f37?s=96&d=mm&r=g\",\"url\":\"https:\\\/\\\/secure.gravatar.com\\\/avatar\\\/0f69e9fc4aef60b781bb71afb0e1a68b7da44f1b880c48149a1a49bfb0ad7f37?s=96&d=mm&r=g\",\"contentUrl\":\"https:\\\/\\\/secure.gravatar.com\\\/avatar\\\/0f69e9fc4aef60b781bb71afb0e1a68b7da44f1b880c48149a1a49bfb0ad7f37?s=96&d=mm&r=g\",\"caption\":\"Shelby Benavidez\"},\"sameAs\":[\"http:\\\/\\\/danielstark.com\"]}]}<\/script>\n<!-- \/ Yoast SEO Premium plugin. -->","yoast_head_json":{"title":"Ghislaine Maxwell Transferred to Texas | Daniel Stark Injury Lawyers","description":"Ghislaine Maxwell was moved to a minimum-security prison in Bryan, TX, raising concerns over leniency and reigniting national debate about justice and power.","robots":{"index":"index","follow":"follow","max-snippet":"max-snippet:-1","max-image-preview":"max-image-preview:large","max-video-preview":"max-video-preview:-1"},"canonical":"https:\/\/www.danielstark.com\/es\/blog\/ghislaine-maxwell-transferred-to-minimum-security-prison-in-bryan-texas\/","og_locale":"es_MX","og_type":"article","og_title":"Ghislaine Maxwell Transferred to Minimum-Security Prison in Bryan, Texas","og_description":"Ghislaine Maxwell was moved to a minimum-security prison in Bryan, TX, raising concerns over leniency and reigniting national debate about justice and power.","og_url":"https:\/\/www.danielstark.com\/es\/blog\/ghislaine-maxwell-transferred-to-minimum-security-prison-in-bryan-texas\/","og_site_name":"Daniel Stark Injury Lawyers","article_publisher":"https:\/\/www.facebook.com\/DanielStarkLaw","og_image":[{"width":414,"height":280,"url":"https:\/\/www.danielstark.com\/wp-content\/uploads\/2025\/08\/Ghislaine-Maxwell.webp","type":"image\/webp"}],"twitter_card":"summary_large_image","twitter_misc":{"Est. reading time":"6 minutos"},"schema":{"@context":"https:\/\/schema.org","@graph":[{"@type":["Article","BlogPosting"],"@id":"https:\/\/www.danielstark.com\/blog\/ghislaine-maxwell-transferred-to-minimum-security-prison-in-bryan-texas\/#article","isPartOf":{"@id":"https:\/\/www.danielstark.com\/blog\/ghislaine-maxwell-transferred-to-minimum-security-prison-in-bryan-texas\/"},"author":{"name":"Shelby Benavidez","@id":"https:\/\/www.danielstark.com\/#\/schema\/person\/955610c4b205f60da2cd28a5fa5f2ad5"},"headline":"Ghislaine Maxwell Transferred to Minimum-Security Prison in Bryan, Texas","datePublished":"2025-08-07T12:00:00+00:00","mainEntityOfPage":{"@id":"https:\/\/www.danielstark.com\/blog\/ghislaine-maxwell-transferred-to-minimum-security-prison-in-bryan-texas\/"},"wordCount":1372,"publisher":{"@id":"https:\/\/www.danielstark.com\/#organization"},"image":{"@id":"https:\/\/www.danielstark.com\/blog\/ghislaine-maxwell-transferred-to-minimum-security-prison-in-bryan-texas\/#primaryimage"},"thumbnailUrl":"https:\/\/www.danielstark.com\/wp-content\/uploads\/2025\/08\/Ghislaine-Maxwell.webp","inLanguage":"es"},{"@type":"WebPage","@id":"https:\/\/www.danielstark.com\/blog\/ghislaine-maxwell-transferred-to-minimum-security-prison-in-bryan-texas\/","url":"https:\/\/www.danielstark.com\/blog\/ghislaine-maxwell-transferred-to-minimum-security-prison-in-bryan-texas\/","name":"Ghislaine Maxwell Transferred to Texas | Daniel Stark Injury Lawyers","isPartOf":{"@id":"https:\/\/www.danielstark.com\/#website"},"primaryImageOfPage":{"@id":"https:\/\/www.danielstark.com\/blog\/ghislaine-maxwell-transferred-to-minimum-security-prison-in-bryan-texas\/#primaryimage"},"image":{"@id":"https:\/\/www.danielstark.com\/blog\/ghislaine-maxwell-transferred-to-minimum-security-prison-in-bryan-texas\/#primaryimage"},"thumbnailUrl":"https:\/\/www.danielstark.com\/wp-content\/uploads\/2025\/08\/Ghislaine-Maxwell.webp","datePublished":"2025-08-07T12:00:00+00:00","description":"Ghislaine Maxwell was moved to a minimum-security prison in Bryan, TX, raising concerns over leniency and reigniting national debate about justice and power.","breadcrumb":{"@id":"https:\/\/www.danielstark.com\/blog\/ghislaine-maxwell-transferred-to-minimum-security-prison-in-bryan-texas\/#breadcrumb"},"inLanguage":"es","potentialAction":[{"@type":"ReadAction","target":["https:\/\/www.danielstark.com\/blog\/ghislaine-maxwell-transferred-to-minimum-security-prison-in-bryan-texas\/"]}]},{"@type":"ImageObject","inLanguage":"es","@id":"https:\/\/www.danielstark.com\/blog\/ghislaine-maxwell-transferred-to-minimum-security-prison-in-bryan-texas\/#primaryimage","url":"https:\/\/www.danielstark.com\/wp-content\/uploads\/2025\/08\/Ghislaine-Maxwell.webp","contentUrl":"https:\/\/www.danielstark.com\/wp-content\/uploads\/2025\/08\/Ghislaine-Maxwell.webp","width":414,"height":280,"caption":"Prison mug shot of Sex Trafficker Ghislaine Maxwell | Daniel Stark Law"},{"@type":"BreadcrumbList","@id":"https:\/\/www.danielstark.com\/blog\/ghislaine-maxwell-transferred-to-minimum-security-prison-in-bryan-texas\/#breadcrumb","itemListElement":[{"@type":"ListItem","position":1,"name":"Home","item":"https:\/\/www.danielstark.com\/"},{"@type":"ListItem","position":2,"name":"Blogs","item":"https:\/\/www.danielstark.com\/blog\/"},{"@type":"ListItem","position":3,"name":"Ghislaine Maxwell Transferred to Minimum-Security Prison in Bryan, Texas"}]},{"@type":"WebSite","@id":"https:\/\/www.danielstark.com\/#website","url":"https:\/\/www.danielstark.com\/","name":"Abogados de lesiones personales de Daniel Stark","description":"","publisher":{"@id":"https:\/\/www.danielstark.com\/#organization"},"potentialAction":[{"@type":"SearchAction","target":{"@type":"EntryPoint","urlTemplate":"https:\/\/www.danielstark.com\/?s={search_term_string}"},"query-input":{"@type":"PropertyValueSpecification","valueRequired":true,"valueName":"search_term_string"}}],"inLanguage":"es"},{"@type":"Organization","@id":"https:\/\/www.danielstark.com\/#organization","name":"Abogados de lesiones personales de Daniel Stark","url":"https:\/\/www.danielstark.com\/","logo":{"@type":"ImageObject","inLanguage":"es","@id":"https:\/\/www.danielstark.com\/#\/schema\/logo\/image\/","url":"https:\/\/www.danielstark.com\/wp-content\/uploads\/2023\/05\/blog-logo.png","contentUrl":"https:\/\/www.danielstark.com\/wp-content\/uploads\/2023\/05\/blog-logo.png","width":78,"height":77,"caption":"Daniel Stark Injury Lawyers"},"image":{"@id":"https:\/\/www.danielstark.com\/#\/schema\/logo\/image\/"},"sameAs":["https:\/\/www.facebook.com\/DanielStarkLaw","https:\/\/www.instagram.com\/danielstarklaw\/","https:\/\/www.youtube.com\/Danielstarklaw","https:\/\/www.linkedin.com\/company\/daniel-stark-injury-lawyers"]},{"@type":"Person","@id":"https:\/\/www.danielstark.com\/#\/schema\/person\/955610c4b205f60da2cd28a5fa5f2ad5","name":"Shelby Benavidez","image":{"@type":"ImageObject","inLanguage":"es","@id":"https:\/\/secure.gravatar.com\/avatar\/0f69e9fc4aef60b781bb71afb0e1a68b7da44f1b880c48149a1a49bfb0ad7f37?s=96&d=mm&r=g","url":"https:\/\/secure.gravatar.com\/avatar\/0f69e9fc4aef60b781bb71afb0e1a68b7da44f1b880c48149a1a49bfb0ad7f37?s=96&d=mm&r=g","contentUrl":"https:\/\/secure.gravatar.com\/avatar\/0f69e9fc4aef60b781bb71afb0e1a68b7da44f1b880c48149a1a49bfb0ad7f37?s=96&d=mm&r=g","caption":"Shelby Benavidez"},"sameAs":["http:\/\/danielstark.com"]}]}},"_links":{"self":[{"href":"https:\/\/www.danielstark.com\/es\/wp-json\/wp\/v2\/blog\/16747","targetHints":{"allow":["GET"]}}],"collection":[{"href":"https:\/\/www.danielstark.com\/es\/wp-json\/wp\/v2\/blog"}],"about":[{"href":"https:\/\/www.danielstark.com\/es\/wp-json\/wp\/v2\/types\/blog"}],"author":[{"embeddable":true,"href":"https:\/\/www.danielstark.com\/es\/wp-json\/wp\/v2\/users\/29"}],"version-history":[{"count":0,"href":"https:\/\/www.danielstark.com\/es\/wp-json\/wp\/v2\/blog\/16747\/revisions"}],"wp:featuredmedia":[{"embeddable":true,"href":"https:\/\/www.danielstark.com\/es\/wp-json\/wp\/v2\/media\/16748"}],"wp:attachment":[{"href":"https:\/\/www.danielstark.com\/es\/wp-json\/wp\/v2\/media?parent=16747"}],"wp:term":[{"taxonomy":"post_tag","embeddable":true,"href":"https:\/\/www.danielstark.com\/es\/wp-json\/wp\/v2\/tags?post=16747"},{"taxonomy":"blog_category","embeddable":true,"href":"https:\/\/www.danielstark.com\/es\/wp-json\/wp\/v2\/blog_category?post=16747"}],"curies":[{"name":"wp","href":"https:\/\/api.w.org\/{rel}","templated":true}]}}