{"id":9705,"date":"2017-12-02T03:35:00","date_gmt":"2017-12-02T03:35:00","guid":{"rendered":"https:\/\/www.danielstark.com\/https-www-danielstarklaw-com-blog-daniel-starks-winter-charity-caritas-of-austin\/"},"modified":"2025-04-22T11:01:51","modified_gmt":"2025-04-22T18:01:51","slug":"daniel-starks-winter-charity-caritas-of-austin","status":"publish","type":"blog","link":"https:\/\/www.danielstark.com\/es\/blog\/daniel-starks-winter-charity-caritas-of-austin\/","title":{"rendered":"La organizaci\u00f3n ben\u00e9fica de invierno de Daniel Stark \u2013 C\u00e1ritas de Austin"},"content":{"rendered":"<p style=\"margin: 0in; margin-bottom: .0001pt; text-align: justify;\"><span style=\"font-family: 'Century Gothic',sans-serif; color: #454545;\">Es f\u00e1cil pensar que la falta de vivienda se limita a las personas que vemos en las esquinas. Solo una fracci\u00f3n de las cifras reales corresponde a las &quot;personas sin hogar visibles&quot;. La mayor\u00eda son personas que no vemos ni consideramos, desde familias que viven en sus autos hasta refugiados que a\u00fan no se han establecido en un hogar. C\u00e1ritas de Austin, una organizaci\u00f3n sin fines de lucro con sede en Austin, sabe que la soluci\u00f3n m\u00e1s efectiva para erradicar la falta de vivienda en nuestra comunidad es brindar estabilidad a las personas sin hogar y garantizar que esta situaci\u00f3n no defina su futuro. Como organizaci\u00f3n ben\u00e9fica de invierno de Daniel Stark, creemos en su visi\u00f3n de lograr que la falta de vivienda sea poco com\u00fan, breve y poco recurrente en el centro de Texas, y consideramos un privilegio acompa\u00f1ar los esfuerzos de esta organizaci\u00f3n para prevenir y erradicar la falta de vivienda.<\/span><\/p>\n<p><!--more--><\/p>\n<p style=\"margin: 0in; margin-bottom: .0001pt; text-align: justify;\"><span style=\"font-size: 10.0pt; font-family: 'Century Gothic',sans-serif; color: #454545;\">\u00a0<\/span><\/p>\n<p style=\"margin: 0in; margin-bottom: .0001pt; text-align: justify;\"><span style=\"font-family: 'Century Gothic',sans-serif; color: #454545;\">C\u00e1ritas de Austin cree que cuando cada persona tiene un hogar estable, puede alcanzar su m\u00e1ximo potencial y contribuir a nuestra comunidad. Esta organizaci\u00f3n promueve el bienestar garantizando un hogar seguro, acceso a alimentos saludables, empleos que proporcionen un salario digno y oportunidades educativas para desarrollar habilidades para la vida. Todos necesitamos una base s\u00f3lida y un amplio apoyo en nuestras vidas para prosperar; eso es lo que crea una comunidad fuerte. El enfoque innovador, personalizado y de eficacia comprobada de C\u00e1ritas de Austin para fomentar el bienestar y erradicar la indigencia crea un Austin m\u00e1s vibrante para todos.<\/span><\/p>\n<p style=\"margin: 0in; margin-bottom: .0001pt; text-align: justify;\"><span style=\"font-family: 'Century Gothic',sans-serif; color: #454545;\">\u00a0<\/span><\/p>\n<p style=\"margin: 0in; margin-bottom: .0001pt; text-align: justify;\"><span style=\"font-family: 'Century Gothic',sans-serif; color: #454545;\">Todos merecen unas felices fiestas, independientemente de su estabilidad, y t\u00fa puedes apoyar a esta organizaci\u00f3n. Por cada nuevo &quot;me gusta&quot; en el Facebook de Daniel Stark. <\/span><a href=\"https:\/\/www.facebook.com\/DanielStarkLaw\/\"><span style=\"font-family: 'Century Gothic',sans-serif;\">p\u00e1gina<\/span><\/a><span style=\"font-family: 'Century Gothic',sans-serif; color: #454545;\"> Durante diciembre, enero y febrero, Daniel Stark igualar\u00e1 la cantidad de $1\/like para donar a C\u00e1ritas de Austin y apoyar sus esfuerzos para erradicar la falta de vivienda en el \u00e1rea metropolitana de Austin. Lea m\u00e1s sobre esta organizaci\u00f3n. <\/span><a href=\"https:\/\/www.caritasofaustin.org\/who-we-are\/about-us\/\"><span style=\"font-family: 'Century Gothic',sans-serif;\">aqu\u00ed<\/span><\/a><span style=\"font-family: 'Century Gothic',sans-serif; color: #454545;\">y aseg\u00farese de estar atento a las pr\u00f3ximas oportunidades de voluntariado de Caritas de Austin en las que participar\u00e1n los empleados de Daniel Stark durante los pr\u00f3ximos meses.<\/span><\/p>","protected":false},"author":25,"featured_media":0,"menu_order":0,"template":"","format":"standard","tags":[46],"blog_category":[889],"class_list":["post-9705","blog","type-blog","status-publish","format-standard","tag-uncategorized","blog_category-community","entry"],"acf":[],"yoast_head":"<!-- This site is optimized with the Yoast SEO Premium plugin v28.1 (Yoast SEO v28.1) - https:\/\/yoast.com\/product\/yoast-seo-premium-wordpress\/ -->\n<title>Winter Charity: Caritas of Austin | Daniel Stark Injury Lawyers<\/title>\n<meta name=\"description\" content=\"Daniel Stark Law\u2019s winter charity of the month supports Caritas of Austin, which helps provide essential services to those in need.\" \/>\n<meta name=\"robots\" content=\"index, follow, max-snippet:-1, max-image-preview:large, max-video-preview:-1\" \/>\n<link rel=\"canonical\" href=\"https:\/\/www.danielstark.com\/es\/blog\/daniel-starks-winter-charity-caritas-of-austin\/\" \/>\n<meta property=\"og:locale\" content=\"es_MX\" \/>\n<meta property=\"og:type\" content=\"article\" \/>\n<meta property=\"og:title\" content=\"Daniel Stark&#039;s Winter Charity - Caritas of Austin\" \/>\n<meta property=\"og:description\" content=\"Daniel Stark Law\u2019s winter charity of the month supports Caritas of Austin, which helps provide essential services to those in need.\" \/>\n<meta property=\"og:url\" content=\"https:\/\/www.danielstark.com\/es\/blog\/daniel-starks-winter-charity-caritas-of-austin\/\" \/>\n<meta property=\"og:site_name\" content=\"Daniel Stark Injury Lawyers\" \/>\n<meta property=\"article:publisher\" content=\"https:\/\/www.facebook.com\/DanielStarkLaw\" \/>\n<meta property=\"article:modified_time\" content=\"2025-04-22T18:01:51+00:00\" \/>\n<meta property=\"og:image\" content=\"https:\/\/www.danielstark.com\/wp-content\/uploads\/2023\/06\/OpenGraph-Image.jpg\" \/>\n<meta name=\"twitter:card\" content=\"summary_large_image\" \/>\n<meta name=\"twitter:image\" content=\"\/wp-content\/uploads\/2023\/06\/OpenGraph-Image.jpg\" \/>\n<meta name=\"twitter:label1\" content=\"Est. reading time\" \/>\n\t<meta name=\"twitter:data1\" content=\"2 minutos\" \/>\n<script type=\"application\/ld+json\" class=\"yoast-schema-graph\">{\"@context\":\"https:\\\/\\\/schema.org\",\"@graph\":[{\"@type\":[\"Article\",\"BlogPosting\"],\"@id\":\"https:\\\/\\\/www.danielstark.com\\\/blog\\\/daniel-starks-winter-charity-caritas-of-austin\\\/#article\",\"isPartOf\":{\"@id\":\"https:\\\/\\\/www.danielstark.com\\\/blog\\\/daniel-starks-winter-charity-caritas-of-austin\\\/\"},\"author\":{\"name\":\"linda\",\"@id\":\"https:\\\/\\\/www.danielstark.com\\\/#\\\/schema\\\/person\\\/7b5f7ea73ab3c0c33358e9238dd777d8\"},\"headline\":\"Daniel Stark&#8217;s Winter Charity &#8211; Caritas of Austin\",\"datePublished\":\"2017-12-02T03:35:00+00:00\",\"dateModified\":\"2025-04-22T18:01:51+00:00\",\"mainEntityOfPage\":{\"@id\":\"https:\\\/\\\/www.danielstark.com\\\/blog\\\/daniel-starks-winter-charity-caritas-of-austin\\\/\"},\"wordCount\":331,\"publisher\":{\"@id\":\"https:\\\/\\\/www.danielstark.com\\\/#organization\"},\"keywords\":[\"Uncategorized\"],\"inLanguage\":\"es\"},{\"@type\":\"WebPage\",\"@id\":\"https:\\\/\\\/www.danielstark.com\\\/blog\\\/daniel-starks-winter-charity-caritas-of-austin\\\/\",\"url\":\"https:\\\/\\\/www.danielstark.com\\\/blog\\\/daniel-starks-winter-charity-caritas-of-austin\\\/\",\"name\":\"Winter Charity: Caritas of Austin | Daniel Stark Injury Lawyers\",\"isPartOf\":{\"@id\":\"https:\\\/\\\/www.danielstark.com\\\/#website\"},\"datePublished\":\"2017-12-02T03:35:00+00:00\",\"dateModified\":\"2025-04-22T18:01:51+00:00\",\"description\":\"Daniel Stark Law\u2019s winter charity of the month supports Caritas of Austin, which helps provide essential services to those in need.\",\"breadcrumb\":{\"@id\":\"https:\\\/\\\/www.danielstark.com\\\/blog\\\/daniel-starks-winter-charity-caritas-of-austin\\\/#breadcrumb\"},\"inLanguage\":\"es\",\"potentialAction\":[{\"@type\":\"ReadAction\",\"target\":[\"https:\\\/\\\/www.danielstark.com\\\/blog\\\/daniel-starks-winter-charity-caritas-of-austin\\\/\"]}]},{\"@type\":\"BreadcrumbList\",\"@id\":\"https:\\\/\\\/www.danielstark.com\\\/blog\\\/daniel-starks-winter-charity-caritas-of-austin\\\/#breadcrumb\",\"itemListElement\":[{\"@type\":\"ListItem\",\"position\":1,\"name\":\"Home\",\"item\":\"https:\\\/\\\/www.danielstark.com\\\/\"},{\"@type\":\"ListItem\",\"position\":2,\"name\":\"Blogs\",\"item\":\"https:\\\/\\\/www.danielstark.com\\\/blog\\\/\"},{\"@type\":\"ListItem\",\"position\":3,\"name\":\"Daniel Stark&#8217;s Winter Charity &#8211; Caritas of Austin\"}]},{\"@type\":\"WebSite\",\"@id\":\"https:\\\/\\\/www.danielstark.com\\\/#website\",\"url\":\"https:\\\/\\\/www.danielstark.com\\\/\",\"name\":\"Daniel Stark Injury Lawyers\",\"description\":\"\",\"publisher\":{\"@id\":\"https:\\\/\\\/www.danielstark.com\\\/#organization\"},\"potentialAction\":[{\"@type\":\"SearchAction\",\"target\":{\"@type\":\"EntryPoint\",\"urlTemplate\":\"https:\\\/\\\/www.danielstark.com\\\/?s={search_term_string}\"},\"query-input\":{\"@type\":\"PropertyValueSpecification\",\"valueRequired\":true,\"valueName\":\"search_term_string\"}}],\"inLanguage\":\"es\"},{\"@type\":\"Organization\",\"@id\":\"https:\\\/\\\/www.danielstark.com\\\/#organization\",\"name\":\"Daniel Stark Injury Lawyers\",\"url\":\"https:\\\/\\\/www.danielstark.com\\\/\",\"logo\":{\"@type\":\"ImageObject\",\"inLanguage\":\"es\",\"@id\":\"https:\\\/\\\/www.danielstark.com\\\/#\\\/schema\\\/logo\\\/image\\\/\",\"url\":\"https:\\\/\\\/www.danielstark.com\\\/wp-content\\\/uploads\\\/2023\\\/05\\\/blog-logo.png\",\"contentUrl\":\"https:\\\/\\\/www.danielstark.com\\\/wp-content\\\/uploads\\\/2023\\\/05\\\/blog-logo.png\",\"width\":78,\"height\":77,\"caption\":\"Daniel Stark Injury Lawyers\"},\"image\":{\"@id\":\"https:\\\/\\\/www.danielstark.com\\\/#\\\/schema\\\/logo\\\/image\\\/\"},\"sameAs\":[\"https:\\\/\\\/www.facebook.com\\\/DanielStarkLaw\",\"https:\\\/\\\/www.instagram.com\\\/danielstarklaw\\\/\",\"https:\\\/\\\/www.youtube.com\\\/Danielstarklaw\",\"https:\\\/\\\/www.linkedin.com\\\/company\\\/daniel-stark-injury-lawyers\"]},{\"@type\":\"Person\",\"@id\":\"https:\\\/\\\/www.danielstark.com\\\/#\\\/schema\\\/person\\\/7b5f7ea73ab3c0c33358e9238dd777d8\",\"name\":\"linda\",\"image\":{\"@type\":\"ImageObject\",\"inLanguage\":\"es\",\"@id\":\"https:\\\/\\\/secure.gravatar.com\\\/avatar\\\/1515a0e7e22a01b5dd7c9236aa14790fc36ea7734b61a105de012f0b8d167848?s=96&d=mm&r=g\",\"url\":\"https:\\\/\\\/secure.gravatar.com\\\/avatar\\\/1515a0e7e22a01b5dd7c9236aa14790fc36ea7734b61a105de012f0b8d167848?s=96&d=mm&r=g\",\"contentUrl\":\"https:\\\/\\\/secure.gravatar.com\\\/avatar\\\/1515a0e7e22a01b5dd7c9236aa14790fc36ea7734b61a105de012f0b8d167848?s=96&d=mm&r=g\",\"caption\":\"linda\"}}]}<\/script>\n<!-- \/ Yoast SEO Premium plugin. -->","yoast_head_json":{"title":"Winter Charity: Caritas of Austin | Daniel Stark Injury Lawyers","description":"Daniel Stark Law\u2019s winter charity of the month supports Caritas of Austin, which helps provide essential services to those in need.","robots":{"index":"index","follow":"follow","max-snippet":"max-snippet:-1","max-image-preview":"max-image-preview:large","max-video-preview":"max-video-preview:-1"},"canonical":"https:\/\/www.danielstark.com\/es\/blog\/daniel-starks-winter-charity-caritas-of-austin\/","og_locale":"es_MX","og_type":"article","og_title":"Daniel Stark's Winter Charity - Caritas of Austin","og_description":"Daniel Stark Law\u2019s winter charity of the month supports Caritas of Austin, which helps provide essential services to those in need.","og_url":"https:\/\/www.danielstark.com\/es\/blog\/daniel-starks-winter-charity-caritas-of-austin\/","og_site_name":"Daniel Stark Injury Lawyers","article_publisher":"https:\/\/www.facebook.com\/DanielStarkLaw","article_modified_time":"2025-04-22T18:01:51+00:00","og_image":[{"url":"https:\/\/www.danielstark.com\/wp-content\/uploads\/2023\/06\/OpenGraph-Image.jpg","type":"","width":"","height":""}],"twitter_card":"summary_large_image","twitter_image":"\/wp-content\/uploads\/2023\/06\/OpenGraph-Image.jpg","twitter_misc":{"Est. reading time":"2 minutos"},"schema":{"@context":"https:\/\/schema.org","@graph":[{"@type":["Article","BlogPosting"],"@id":"https:\/\/www.danielstark.com\/blog\/daniel-starks-winter-charity-caritas-of-austin\/#article","isPartOf":{"@id":"https:\/\/www.danielstark.com\/blog\/daniel-starks-winter-charity-caritas-of-austin\/"},"author":{"name":"linda","@id":"https:\/\/www.danielstark.com\/#\/schema\/person\/7b5f7ea73ab3c0c33358e9238dd777d8"},"headline":"Daniel Stark&#8217;s Winter Charity &#8211; Caritas of Austin","datePublished":"2017-12-02T03:35:00+00:00","dateModified":"2025-04-22T18:01:51+00:00","mainEntityOfPage":{"@id":"https:\/\/www.danielstark.com\/blog\/daniel-starks-winter-charity-caritas-of-austin\/"},"wordCount":331,"publisher":{"@id":"https:\/\/www.danielstark.com\/#organization"},"keywords":["Uncategorized"],"inLanguage":"es"},{"@type":"WebPage","@id":"https:\/\/www.danielstark.com\/blog\/daniel-starks-winter-charity-caritas-of-austin\/","url":"https:\/\/www.danielstark.com\/blog\/daniel-starks-winter-charity-caritas-of-austin\/","name":"Winter Charity: Caritas of Austin | Daniel Stark Injury Lawyers","isPartOf":{"@id":"https:\/\/www.danielstark.com\/#website"},"datePublished":"2017-12-02T03:35:00+00:00","dateModified":"2025-04-22T18:01:51+00:00","description":"Daniel Stark Law\u2019s winter charity of the month supports Caritas of Austin, which helps provide essential services to those in need.","breadcrumb":{"@id":"https:\/\/www.danielstark.com\/blog\/daniel-starks-winter-charity-caritas-of-austin\/#breadcrumb"},"inLanguage":"es","potentialAction":[{"@type":"ReadAction","target":["https:\/\/www.danielstark.com\/blog\/daniel-starks-winter-charity-caritas-of-austin\/"]}]},{"@type":"BreadcrumbList","@id":"https:\/\/www.danielstark.com\/blog\/daniel-starks-winter-charity-caritas-of-austin\/#breadcrumb","itemListElement":[{"@type":"ListItem","position":1,"name":"Home","item":"https:\/\/www.danielstark.com\/"},{"@type":"ListItem","position":2,"name":"Blogs","item":"https:\/\/www.danielstark.com\/blog\/"},{"@type":"ListItem","position":3,"name":"Daniel Stark&#8217;s Winter Charity &#8211; Caritas of Austin"}]},{"@type":"WebSite","@id":"https:\/\/www.danielstark.com\/#website","url":"https:\/\/www.danielstark.com\/","name":"Abogados de lesiones personales de Daniel Stark","description":"","publisher":{"@id":"https:\/\/www.danielstark.com\/#organization"},"potentialAction":[{"@type":"SearchAction","target":{"@type":"EntryPoint","urlTemplate":"https:\/\/www.danielstark.com\/?s={search_term_string}"},"query-input":{"@type":"PropertyValueSpecification","valueRequired":true,"valueName":"search_term_string"}}],"inLanguage":"es"},{"@type":"Organization","@id":"https:\/\/www.danielstark.com\/#organization","name":"Abogados de lesiones personales de Daniel Stark","url":"https:\/\/www.danielstark.com\/","logo":{"@type":"ImageObject","inLanguage":"es","@id":"https:\/\/www.danielstark.com\/#\/schema\/logo\/image\/","url":"https:\/\/www.danielstark.com\/wp-content\/uploads\/2023\/05\/blog-logo.png","contentUrl":"https:\/\/www.danielstark.com\/wp-content\/uploads\/2023\/05\/blog-logo.png","width":78,"height":77,"caption":"Daniel Stark Injury Lawyers"},"image":{"@id":"https:\/\/www.danielstark.com\/#\/schema\/logo\/image\/"},"sameAs":["https:\/\/www.facebook.com\/DanielStarkLaw","https:\/\/www.instagram.com\/danielstarklaw\/","https:\/\/www.youtube.com\/Danielstarklaw","https:\/\/www.linkedin.com\/company\/daniel-stark-injury-lawyers"]},{"@type":"Person","@id":"https:\/\/www.danielstark.com\/#\/schema\/person\/7b5f7ea73ab3c0c33358e9238dd777d8","name":"linda","image":{"@type":"ImageObject","inLanguage":"es","@id":"https:\/\/secure.gravatar.com\/avatar\/1515a0e7e22a01b5dd7c9236aa14790fc36ea7734b61a105de012f0b8d167848?s=96&d=mm&r=g","url":"https:\/\/secure.gravatar.com\/avatar\/1515a0e7e22a01b5dd7c9236aa14790fc36ea7734b61a105de012f0b8d167848?s=96&d=mm&r=g","contentUrl":"https:\/\/secure.gravatar.com\/avatar\/1515a0e7e22a01b5dd7c9236aa14790fc36ea7734b61a105de012f0b8d167848?s=96&d=mm&r=g","caption":"linda"}}]}},"_links":{"self":[{"href":"https:\/\/www.danielstark.com\/es\/wp-json\/wp\/v2\/blog\/9705","targetHints":{"allow":["GET"]}}],"collection":[{"href":"https:\/\/www.danielstark.com\/es\/wp-json\/wp\/v2\/blog"}],"about":[{"href":"https:\/\/www.danielstark.com\/es\/wp-json\/wp\/v2\/types\/blog"}],"author":[{"embeddable":true,"href":"https:\/\/www.danielstark.com\/es\/wp-json\/wp\/v2\/users\/25"}],"version-history":[{"count":0,"href":"https:\/\/www.danielstark.com\/es\/wp-json\/wp\/v2\/blog\/9705\/revisions"}],"wp:attachment":[{"href":"https:\/\/www.danielstark.com\/es\/wp-json\/wp\/v2\/media?parent=9705"}],"wp:term":[{"taxonomy":"post_tag","embeddable":true,"href":"https:\/\/www.danielstark.com\/es\/wp-json\/wp\/v2\/tags?post=9705"},{"taxonomy":"blog_category","embeddable":true,"href":"https:\/\/www.danielstark.com\/es\/wp-json\/wp\/v2\/blog_category?post=9705"}],"curies":[{"name":"wp","href":"https:\/\/api.w.org\/{rel}","templated":true}]}}