{"id":9764,"date":"2016-12-02T00:02:00","date_gmt":"2016-12-02T00:02:00","guid":{"rendered":"https:\/\/www.danielstark.com\/https-www-danielstarklaw-com-blog-december-charity-of-the-month-voices-for-children-of-brazos-valley\/"},"modified":"2025-04-22T10:50:53","modified_gmt":"2025-04-22T17:50:53","slug":"december-charity-of-the-month-voices-for-children-of-brazos-valley","status":"publish","type":"blog","link":"https:\/\/www.danielstark.com\/es\/blog\/december-charity-of-the-month-voices-for-children-of-brazos-valley\/","title":{"rendered":"Organizaci\u00f3n ben\u00e9fica del mes de diciembre: Voces para los Ni\u00f1os del Valle de Brazos"},"content":{"rendered":"<p><p>Tradici\u00f3n de dar<\/p>\n<p>Hab\u00eda una vez un hombre muy pobre con tres hijas. Como no pod\u00eda pagar una dote, sus hijas no pod\u00edan casarse. Su padre no pod\u00eda mantenerlas y empez\u00f3 a considerar venderlas como esclavas. Pero un obispo se enter\u00f3 de la situaci\u00f3n de las ni\u00f1as. Una noche, el obispo dej\u00f3 caer en secreto una bolsa de oro por la chimenea. La bolsa cay\u00f3 en la media de la hija mayor, que estaba colgada junto al fuego para secarse. La noche siguiente, otra bolsa de oro cay\u00f3 por la chimenea. Y de nuevo la tercera noche. La familia recibi\u00f3 una bolsa de oro por cada hija para que pudieran tener una dote. Y as\u00ed comenz\u00f3 la leyenda de San Nicol\u00e1s, un obispo bondadoso conocido por ayudar a los pobres y hacer regalos secretos.<\/p>\n<p>He sido bendecida con una familia maravillosa y muchas tradiciones. Pero quiz\u00e1s la tradici\u00f3n m\u00e1s antigua e importante que podamos observar este a\u00f1o sea la que comenz\u00f3 con San Nicol\u00e1s en la Turqu\u00eda del siglo IV: la tradici\u00f3n de dar. En esta festividad, un\u00e1monos para apoyar a los ni\u00f1os m\u00e1s vulnerables de nuestra comunidad.<\/p>\n<p>Daniel Stark se enorgullece de anunciar que su organizaci\u00f3n ben\u00e9fica del mes de diciembre es CASA de Brazos Valley.<\/p>\n<p><img decoding=\"async\" class=\"aligncenter size-full wp-image-3121\" src=\"\" alt=\"vfc-logosm40\" width=\"256\" height=\"162\"><\/p>\n<p>CASA significa Defensores Especiales Designados por el Tribunal. La organizaci\u00f3n aboga por ni\u00f1os que han sido v\u00edctimas de abuso o negligencia y han sido separados de sus hogares. Estos ni\u00f1os suelen ser ubicados en hogares de acogida o con familiares. Este es un momento traum\u00e1tico para la mayor\u00eda de los ni\u00f1os, por lo que CASA ayuda a cada ni\u00f1o a transitar el sistema de acogida hasta un hogar seguro, permanente y acogedor lo m\u00e1s r\u00e1pido posible. Cada voluntario es asignado a un ni\u00f1o o grupo de hermanos a la vez. Ese voluntario da seguimiento a los ni\u00f1os durante todo el caso e informa cualquier inquietud al tribunal. Gracias a este enfoque individualizado, CASA est\u00e1 preparada para detectar y resolver problemas de forma temprana, evitando cambios de ubicaci\u00f3n, demoras judiciales y audiencias adicionales. Contar con un CASA reduce, en promedio, el tiempo de un ni\u00f1o en el sistema de acogida en siete meses. Dado que cada CASA es un voluntario no remunerado y altamente capacitado, puede estar seguro de que cada d\u00f3lar donado se destinar\u00e1 al beneficio de los ni\u00f1os. M\u00e1s de 85% de fondos se destinan directamente a los j\u00f3venes a trav\u00e9s de iniciativas especiales o mediante el reclutamiento, la capacitaci\u00f3n y el apoyo de voluntarios.<\/p>\n<p>Cada a\u00f1o, CASA ofrece m\u00e1s de 7500 horas de apoyo personalizado a ni\u00f1os v\u00edctimas de abuso y abandono que han sido separados de sus hogares y colocados en hogares de acogida. M\u00e1s de 750 ni\u00f1os han recibido CASA desde que comenzaron a servir a la comunidad en 2001. CASA del Valle de Brazos presta servicios en los condados de Brazos, Burleson y Grimes.<\/p>\n<p>Si desea ayudar a CASA a servir a los ni\u00f1os de nuestra comunidad, puede encontrar m\u00e1s informaci\u00f3n sobre CASA en <a href=\"http:\/\/voicesforchildreninc.org\/\">http:\/\/voicesforchildreninc.org\/<\/a>Para quienes deseen ayudar pero no tengan tiempo para ser voluntarios ni dinero para donar, Daniel Stark les facilita contribuir a CASA este a\u00f1o. Solo tienen que darle &quot;me gusta&quot; a nuestra p\u00e1gina. <a href=\"http:\/\/www.facebook.com\/danielstarklaw\">P\u00e1gina de Facebook<\/a> Durante diciembre, Daniel Stark donar\u00e1 a CASA en su nombre. Por cada nuevo &quot;me gusta&quot; que reciba en su p\u00e1gina de Facebook, Daniel Stark donar\u00e1 $1 a CASA del Valle de Brazos.<\/p>\n<p>\u00a0<\/p>\n<p>Estoy orgulloso de ser voluntario de CASA y espero que se una a nosotros para apoyar a esta maravillosa organizaci\u00f3n.<\/p>\n<p>\u00a0<\/p>\n<\/p>\n<p><!--more--><\/p>","protected":false},"author":25,"featured_media":0,"menu_order":0,"template":"","format":"standard","tags":[32],"blog_category":[889],"class_list":{"0":"post-9764","1":"blog","2":"type-blog","3":"status-publish","4":"format-standard","6":"tag-community","7":"blog_category-community","8":"entry"},"acf":[],"yoast_head":"<!-- This site is optimized with the Yoast SEO Premium plugin v27.4 (Yoast SEO v27.4) - https:\/\/yoast.com\/product\/yoast-seo-premium-wordpress\/ -->\n<title>December Charity: Voices for Children | Daniel Stark Injury Lawyers<\/title>\n<meta name=\"description\" content=\"Daniel Stark Law\u2019s December charity of the month highlights Voices for Children of Brazos Valley and the important work they do for children in need.\" \/>\n<meta name=\"robots\" content=\"index, follow, max-snippet:-1, max-image-preview:large, max-video-preview:-1\" \/>\n<link rel=\"canonical\" href=\"https:\/\/www.danielstark.com\/es\/blog\/december-charity-of-the-month-voices-for-children-of-brazos-valley\/\" \/>\n<meta property=\"og:locale\" content=\"es_MX\" \/>\n<meta property=\"og:type\" content=\"article\" \/>\n<meta property=\"og:title\" content=\"December Charity of the Month - Voices for Children of Brazos Valley\" \/>\n<meta property=\"og:description\" content=\"Daniel Stark Law\u2019s December charity of the month highlights Voices for Children of Brazos Valley and the important work they do for children in need.\" \/>\n<meta property=\"og:url\" content=\"https:\/\/www.danielstark.com\/es\/blog\/december-charity-of-the-month-voices-for-children-of-brazos-valley\/\" \/>\n<meta property=\"og:site_name\" content=\"Daniel Stark Injury Lawyers\" \/>\n<meta property=\"article:publisher\" content=\"https:\/\/www.facebook.com\/DanielStarkLaw\" \/>\n<meta property=\"article:modified_time\" content=\"2025-04-22T17:50:53+00:00\" \/>\n<meta property=\"og:image\" content=\"https:\/\/www.danielstark.com\/wp-content\/uploads\/2023\/06\/OpenGraph-Image.jpg\" \/>\n<meta name=\"twitter:card\" content=\"summary_large_image\" \/>\n<meta name=\"twitter:image\" content=\"\/wp-content\/uploads\/2023\/06\/OpenGraph-Image.jpg\" \/>\n<meta name=\"twitter:label1\" content=\"Est. reading time\" \/>\n\t<meta name=\"twitter:data1\" content=\"3 minutos\" \/>\n<script type=\"application\/ld+json\" class=\"yoast-schema-graph\">{\"@context\":\"https:\\\/\\\/schema.org\",\"@graph\":[{\"@type\":[\"Article\",\"BlogPosting\"],\"@id\":\"https:\\\/\\\/www.danielstark.com\\\/blog\\\/december-charity-of-the-month-voices-for-children-of-brazos-valley\\\/#article\",\"isPartOf\":{\"@id\":\"https:\\\/\\\/www.danielstark.com\\\/blog\\\/december-charity-of-the-month-voices-for-children-of-brazos-valley\\\/\"},\"author\":{\"name\":\"linda\",\"@id\":\"https:\\\/\\\/www.danielstark.com\\\/#\\\/schema\\\/person\\\/7b5f7ea73ab3c0c33358e9238dd777d8\"},\"headline\":\"December Charity of the Month &#8211; Voices for Children of Brazos Valley\",\"datePublished\":\"2016-12-02T00:02:00+00:00\",\"dateModified\":\"2025-04-22T17:50:53+00:00\",\"mainEntityOfPage\":{\"@id\":\"https:\\\/\\\/www.danielstark.com\\\/blog\\\/december-charity-of-the-month-voices-for-children-of-brazos-valley\\\/\"},\"wordCount\":581,\"publisher\":{\"@id\":\"https:\\\/\\\/www.danielstark.com\\\/#organization\"},\"keywords\":[\"Community\"],\"inLanguage\":\"es\"},{\"@type\":\"WebPage\",\"@id\":\"https:\\\/\\\/www.danielstark.com\\\/blog\\\/december-charity-of-the-month-voices-for-children-of-brazos-valley\\\/\",\"url\":\"https:\\\/\\\/www.danielstark.com\\\/blog\\\/december-charity-of-the-month-voices-for-children-of-brazos-valley\\\/\",\"name\":\"December Charity: Voices for Children | Daniel Stark Injury Lawyers\",\"isPartOf\":{\"@id\":\"https:\\\/\\\/www.danielstark.com\\\/#website\"},\"datePublished\":\"2016-12-02T00:02:00+00:00\",\"dateModified\":\"2025-04-22T17:50:53+00:00\",\"description\":\"Daniel Stark Law\u2019s December charity of the month highlights Voices for Children of Brazos Valley and the important work they do for children in need.\",\"breadcrumb\":{\"@id\":\"https:\\\/\\\/www.danielstark.com\\\/blog\\\/december-charity-of-the-month-voices-for-children-of-brazos-valley\\\/#breadcrumb\"},\"inLanguage\":\"es\",\"potentialAction\":[{\"@type\":\"ReadAction\",\"target\":[\"https:\\\/\\\/www.danielstark.com\\\/blog\\\/december-charity-of-the-month-voices-for-children-of-brazos-valley\\\/\"]}]},{\"@type\":\"BreadcrumbList\",\"@id\":\"https:\\\/\\\/www.danielstark.com\\\/blog\\\/december-charity-of-the-month-voices-for-children-of-brazos-valley\\\/#breadcrumb\",\"itemListElement\":[{\"@type\":\"ListItem\",\"position\":1,\"name\":\"Home\",\"item\":\"https:\\\/\\\/www.danielstark.com\\\/\"},{\"@type\":\"ListItem\",\"position\":2,\"name\":\"Blogs\",\"item\":\"https:\\\/\\\/www.danielstark.com\\\/blog\\\/\"},{\"@type\":\"ListItem\",\"position\":3,\"name\":\"December Charity of the Month &#8211; Voices for Children of Brazos Valley\"}]},{\"@type\":\"WebSite\",\"@id\":\"https:\\\/\\\/www.danielstark.com\\\/#website\",\"url\":\"https:\\\/\\\/www.danielstark.com\\\/\",\"name\":\"Daniel Stark Injury Lawyers\",\"description\":\"\",\"publisher\":{\"@id\":\"https:\\\/\\\/www.danielstark.com\\\/#organization\"},\"potentialAction\":[{\"@type\":\"SearchAction\",\"target\":{\"@type\":\"EntryPoint\",\"urlTemplate\":\"https:\\\/\\\/www.danielstark.com\\\/?s={search_term_string}\"},\"query-input\":{\"@type\":\"PropertyValueSpecification\",\"valueRequired\":true,\"valueName\":\"search_term_string\"}}],\"inLanguage\":\"es\"},{\"@type\":\"Organization\",\"@id\":\"https:\\\/\\\/www.danielstark.com\\\/#organization\",\"name\":\"Daniel Stark Injury Lawyers\",\"url\":\"https:\\\/\\\/www.danielstark.com\\\/\",\"logo\":{\"@type\":\"ImageObject\",\"inLanguage\":\"es\",\"@id\":\"https:\\\/\\\/www.danielstark.com\\\/#\\\/schema\\\/logo\\\/image\\\/\",\"url\":\"https:\\\/\\\/www.danielstark.com\\\/wp-content\\\/uploads\\\/2023\\\/05\\\/blog-logo.png\",\"contentUrl\":\"https:\\\/\\\/www.danielstark.com\\\/wp-content\\\/uploads\\\/2023\\\/05\\\/blog-logo.png\",\"width\":78,\"height\":77,\"caption\":\"Daniel Stark Injury Lawyers\"},\"image\":{\"@id\":\"https:\\\/\\\/www.danielstark.com\\\/#\\\/schema\\\/logo\\\/image\\\/\"},\"sameAs\":[\"https:\\\/\\\/www.facebook.com\\\/DanielStarkLaw\",\"https:\\\/\\\/www.instagram.com\\\/danielstarklaw\\\/\",\"https:\\\/\\\/www.youtube.com\\\/Danielstarklaw\",\"https:\\\/\\\/www.linkedin.com\\\/company\\\/daniel-stark-injury-lawyers\"]},{\"@type\":\"Person\",\"@id\":\"https:\\\/\\\/www.danielstark.com\\\/#\\\/schema\\\/person\\\/7b5f7ea73ab3c0c33358e9238dd777d8\",\"name\":\"linda\",\"image\":{\"@type\":\"ImageObject\",\"inLanguage\":\"es\",\"@id\":\"https:\\\/\\\/secure.gravatar.com\\\/avatar\\\/1515a0e7e22a01b5dd7c9236aa14790fc36ea7734b61a105de012f0b8d167848?s=96&d=mm&r=g\",\"url\":\"https:\\\/\\\/secure.gravatar.com\\\/avatar\\\/1515a0e7e22a01b5dd7c9236aa14790fc36ea7734b61a105de012f0b8d167848?s=96&d=mm&r=g\",\"contentUrl\":\"https:\\\/\\\/secure.gravatar.com\\\/avatar\\\/1515a0e7e22a01b5dd7c9236aa14790fc36ea7734b61a105de012f0b8d167848?s=96&d=mm&r=g\",\"caption\":\"linda\"}}]}<\/script>\n<!-- \/ Yoast SEO Premium plugin. -->","yoast_head_json":{"title":"December Charity: Voices for Children | Daniel Stark Injury Lawyers","description":"Daniel Stark Law\u2019s December charity of the month highlights Voices for Children of Brazos Valley and the important work they do for children in need.","robots":{"index":"index","follow":"follow","max-snippet":"max-snippet:-1","max-image-preview":"max-image-preview:large","max-video-preview":"max-video-preview:-1"},"canonical":"https:\/\/www.danielstark.com\/es\/blog\/december-charity-of-the-month-voices-for-children-of-brazos-valley\/","og_locale":"es_MX","og_type":"article","og_title":"December Charity of the Month - Voices for Children of Brazos Valley","og_description":"Daniel Stark Law\u2019s December charity of the month highlights Voices for Children of Brazos Valley and the important work they do for children in need.","og_url":"https:\/\/www.danielstark.com\/es\/blog\/december-charity-of-the-month-voices-for-children-of-brazos-valley\/","og_site_name":"Daniel Stark Injury Lawyers","article_publisher":"https:\/\/www.facebook.com\/DanielStarkLaw","article_modified_time":"2025-04-22T17:50:53+00:00","og_image":[{"url":"https:\/\/www.danielstark.com\/wp-content\/uploads\/2023\/06\/OpenGraph-Image.jpg","type":"","width":"","height":""}],"twitter_card":"summary_large_image","twitter_image":"\/wp-content\/uploads\/2023\/06\/OpenGraph-Image.jpg","twitter_misc":{"Est. reading time":"3 minutos"},"schema":{"@context":"https:\/\/schema.org","@graph":[{"@type":["Article","BlogPosting"],"@id":"https:\/\/www.danielstark.com\/blog\/december-charity-of-the-month-voices-for-children-of-brazos-valley\/#article","isPartOf":{"@id":"https:\/\/www.danielstark.com\/blog\/december-charity-of-the-month-voices-for-children-of-brazos-valley\/"},"author":{"name":"linda","@id":"https:\/\/www.danielstark.com\/#\/schema\/person\/7b5f7ea73ab3c0c33358e9238dd777d8"},"headline":"December Charity of the Month &#8211; Voices for Children of Brazos Valley","datePublished":"2016-12-02T00:02:00+00:00","dateModified":"2025-04-22T17:50:53+00:00","mainEntityOfPage":{"@id":"https:\/\/www.danielstark.com\/blog\/december-charity-of-the-month-voices-for-children-of-brazos-valley\/"},"wordCount":581,"publisher":{"@id":"https:\/\/www.danielstark.com\/#organization"},"keywords":["Community"],"inLanguage":"es"},{"@type":"WebPage","@id":"https:\/\/www.danielstark.com\/blog\/december-charity-of-the-month-voices-for-children-of-brazos-valley\/","url":"https:\/\/www.danielstark.com\/blog\/december-charity-of-the-month-voices-for-children-of-brazos-valley\/","name":"December Charity: Voices for Children | Daniel Stark Injury Lawyers","isPartOf":{"@id":"https:\/\/www.danielstark.com\/#website"},"datePublished":"2016-12-02T00:02:00+00:00","dateModified":"2025-04-22T17:50:53+00:00","description":"Daniel Stark Law\u2019s December charity of the month highlights Voices for Children of Brazos Valley and the important work they do for children in need.","breadcrumb":{"@id":"https:\/\/www.danielstark.com\/blog\/december-charity-of-the-month-voices-for-children-of-brazos-valley\/#breadcrumb"},"inLanguage":"es","potentialAction":[{"@type":"ReadAction","target":["https:\/\/www.danielstark.com\/blog\/december-charity-of-the-month-voices-for-children-of-brazos-valley\/"]}]},{"@type":"BreadcrumbList","@id":"https:\/\/www.danielstark.com\/blog\/december-charity-of-the-month-voices-for-children-of-brazos-valley\/#breadcrumb","itemListElement":[{"@type":"ListItem","position":1,"name":"Home","item":"https:\/\/www.danielstark.com\/"},{"@type":"ListItem","position":2,"name":"Blogs","item":"https:\/\/www.danielstark.com\/blog\/"},{"@type":"ListItem","position":3,"name":"December Charity of the Month &#8211; Voices for Children of Brazos Valley"}]},{"@type":"WebSite","@id":"https:\/\/www.danielstark.com\/#website","url":"https:\/\/www.danielstark.com\/","name":"Abogados de lesiones personales de Daniel Stark","description":"","publisher":{"@id":"https:\/\/www.danielstark.com\/#organization"},"potentialAction":[{"@type":"SearchAction","target":{"@type":"EntryPoint","urlTemplate":"https:\/\/www.danielstark.com\/?s={search_term_string}"},"query-input":{"@type":"PropertyValueSpecification","valueRequired":true,"valueName":"search_term_string"}}],"inLanguage":"es"},{"@type":"Organization","@id":"https:\/\/www.danielstark.com\/#organization","name":"Abogados de lesiones personales de Daniel Stark","url":"https:\/\/www.danielstark.com\/","logo":{"@type":"ImageObject","inLanguage":"es","@id":"https:\/\/www.danielstark.com\/#\/schema\/logo\/image\/","url":"https:\/\/www.danielstark.com\/wp-content\/uploads\/2023\/05\/blog-logo.png","contentUrl":"https:\/\/www.danielstark.com\/wp-content\/uploads\/2023\/05\/blog-logo.png","width":78,"height":77,"caption":"Daniel Stark Injury Lawyers"},"image":{"@id":"https:\/\/www.danielstark.com\/#\/schema\/logo\/image\/"},"sameAs":["https:\/\/www.facebook.com\/DanielStarkLaw","https:\/\/www.instagram.com\/danielstarklaw\/","https:\/\/www.youtube.com\/Danielstarklaw","https:\/\/www.linkedin.com\/company\/daniel-stark-injury-lawyers"]},{"@type":"Person","@id":"https:\/\/www.danielstark.com\/#\/schema\/person\/7b5f7ea73ab3c0c33358e9238dd777d8","name":"linda","image":{"@type":"ImageObject","inLanguage":"es","@id":"https:\/\/secure.gravatar.com\/avatar\/1515a0e7e22a01b5dd7c9236aa14790fc36ea7734b61a105de012f0b8d167848?s=96&d=mm&r=g","url":"https:\/\/secure.gravatar.com\/avatar\/1515a0e7e22a01b5dd7c9236aa14790fc36ea7734b61a105de012f0b8d167848?s=96&d=mm&r=g","contentUrl":"https:\/\/secure.gravatar.com\/avatar\/1515a0e7e22a01b5dd7c9236aa14790fc36ea7734b61a105de012f0b8d167848?s=96&d=mm&r=g","caption":"linda"}}]}},"_links":{"self":[{"href":"https:\/\/www.danielstark.com\/es\/wp-json\/wp\/v2\/blog\/9764","targetHints":{"allow":["GET"]}}],"collection":[{"href":"https:\/\/www.danielstark.com\/es\/wp-json\/wp\/v2\/blog"}],"about":[{"href":"https:\/\/www.danielstark.com\/es\/wp-json\/wp\/v2\/types\/blog"}],"author":[{"embeddable":true,"href":"https:\/\/www.danielstark.com\/es\/wp-json\/wp\/v2\/users\/25"}],"version-history":[{"count":0,"href":"https:\/\/www.danielstark.com\/es\/wp-json\/wp\/v2\/blog\/9764\/revisions"}],"wp:attachment":[{"href":"https:\/\/www.danielstark.com\/es\/wp-json\/wp\/v2\/media?parent=9764"}],"wp:term":[{"taxonomy":"post_tag","embeddable":true,"href":"https:\/\/www.danielstark.com\/es\/wp-json\/wp\/v2\/tags?post=9764"},{"taxonomy":"blog_category","embeddable":true,"href":"https:\/\/www.danielstark.com\/es\/wp-json\/wp\/v2\/blog_category?post=9764"}],"curies":[{"name":"wp","href":"https:\/\/api.w.org\/{rel}","templated":true}]}}