{"id":9787,"date":"2016-09-03T00:23:00","date_gmt":"2016-09-03T00:23:00","guid":{"rendered":"https:\/\/www.danielstark.com\/https-www-danielstarklaw-com-blog-september-charity-of-the-month-the-brandon-goyne-foundation\/"},"modified":"2025-04-22T10:57:33","modified_gmt":"2025-04-22T17:57:33","slug":"september-charity-of-the-month-the-brandon-goyne-foundation","status":"publish","type":"blog","link":"https:\/\/www.danielstark.com\/es\/blog\/september-charity-of-the-month-the-brandon-goyne-foundation\/","title":{"rendered":"Fundaci\u00f3n Brandon Goyne: Organizaci\u00f3n ben\u00e9fica del mes de septiembre"},"content":{"rendered":"<p><p>Brandon Goyne, jugador de b\u00e9isbol de LSU Alexandria, falleci\u00f3 a causa de DAVD (displasia arritmog\u00e9nica del ventr\u00edculo derecho) en enero de 2013. Esta afecci\u00f3n se caracteriza por el desarrollo de tejido cicatricial en el coraz\u00f3n, en lugar de fortalecer los m\u00fasculos. Su afecci\u00f3n pas\u00f3 desapercibida en los ex\u00e1menes f\u00edsicos obligatorios, y no present\u00f3 s\u00edntomas antes de sucumbir a su defecto card\u00edaco tras desplomarse en el campo de b\u00e9isbol. La familia de Brandon ahora solicita que se exija el electrocardiograma (ECG) en los ex\u00e1menes f\u00edsicos de todos los distritos escolares y universidades. De haber sido as\u00ed, su afecci\u00f3n se habr\u00eda descubierto mucho antes de que fuera demasiado tarde.<\/p>\n<p><img decoding=\"async\" class=\"aligncenter wp-image-2958 size-medium\" src=\"\" alt=\"brandon goyne foundation\" width=\"300\" height=\"156\"><\/p>\n<p>La primavera pasada tuve la oportunidad de ser voluntario en la Fundaci\u00f3n Brandon Goyne. No tuve la suerte de conocer personalmente a Brandon Goyne mientras estuvo con nosotros, pero en el poco tiempo que he pasado con la fundaci\u00f3n, su familia y amigos, estoy profundamente impresionado por el joven que era. Como exalumno atleta, soy un gran admirador de la causa que defienden. Como muchos otros ni\u00f1os de mi infancia, comenc\u00e9 mi carrera deportiva a los cuatro a\u00f1os, incursionando en la danza y aventur\u00e1ndome en los campos de b\u00e9isbol. Mis d\u00edas en el b\u00e9isbol fueron breves, pero la danza fue una parte importante de mi vida durante los siguientes diez a\u00f1os. A los once, empec\u00e9 a jugar al baloncesto con el programa de deportes recreativos de mi ciudad. Mi amor por los deportes creci\u00f3 r\u00e1pidamente a partir de entonces. Desde la secundaria hasta la preparatoria, jugu\u00e9 al voleibol, al baloncesto, al s\u00f3ftbol, al tenis y al atletismo. Durante mis a\u00f1os de pen\u00faltimo y \u00faltimo a\u00f1o, mis padres y entrenadores tuvieron la amabilidad de permitirme practicar estos cinco deportes. Me hice todos los ex\u00e1menes f\u00edsicos requeridos y segu\u00ed con mi pasi\u00f3n por el deporte. Brandon se hizo siete ex\u00e1menes f\u00edsicos en los nueve a\u00f1os previos a su fallecimiento: tres antes de la universidad y cuatro durante la universidad.<\/p>\n<p>No fue hasta mi \u00faltimo a\u00f1o de secundaria que me hicieron mi primer electrocardiograma, y no fue durante uno de mis ex\u00e1menes m\u00e9dicos obligatorios. A los 17 a\u00f1os, sufr\u00ed un colapso en un entrenamiento. Recuper\u00e9 la consciencia r\u00e1pidamente y me encontr\u00e9 con la mirada alarmada de mis entrenadores. No fue hasta trece a\u00f1os despu\u00e9s de mi carrera deportiva, y tras el colapso, que alguien siquiera consider\u00f3 que mi cuerpo de atleta, aparentemente sano, pudiera no serlo tanto. Por suerte, tras consultas y pruebas, los m\u00e9dicos determinaron que, de hecho, ten\u00eda un coraz\u00f3n sano. Tr\u00e1gicamente, este no es el caso de todos los atletas. \u00bfCu\u00e1ntas historias vemos en las noticias de atletas estudiantes que se desploman en los entrenamientos o partidos? Incluso recuerdo historias de atletas profesionales que han sucumbido a anomal\u00edas o defectos card\u00edacos no detectados. Creo que a menudo la pregunta es &quot;\u00bfPor qu\u00e9 hacerle pruebas a un atleta sano?&quot;, en lugar de decir &quot;Hagamos todo lo posible para asegurarnos de que este atleta est\u00e9 sano&quot;. La Fundaci\u00f3n Brandon Goyne trabaja para marcar la diferencia y garantizar que la salud card\u00edaca de todos los atletas sea una prioridad.<\/p>\n<p>Este mes, Daniel Stark est\u00e1 ayudando a dar a conocer la Fundaci\u00f3n Brandon Goyne. Con el inicio del a\u00f1o escolar, tambi\u00e9n comienzan muchos deportes. Debemos difundir la importancia de exigir un electrocardiograma durante los ex\u00e1menes f\u00edsicos para asegurarnos de que nos estamos haciendo y respondiendo a la pregunta correcta: \u00bfest\u00e1 bien la salud card\u00edaca de este atleta?<\/p>\n<p>Daniel Stark donar\u00e1 a la Fundaci\u00f3n Brandon Goyne para nuestra organizaci\u00f3n ben\u00e9fica del mes de septiembre. <a href=\"http:\/\/www.facebook.com\/danielstarklaw\">Dale me gusta a nuestra p\u00e1gina<\/a> Donaremos $1 por cada nuevo &quot;me gusta&quot; durante septiembre. Para m\u00e1s informaci\u00f3n sobre la Fundaci\u00f3n Brandon Goyne, visite su sitio web aqu\u00ed:\u00a0<a href=\"http:\/\/www.thebrandongoynefoundation.com\/\">http:\/\/www.thebrandongoynefoundation.com<\/a><\/p>\n<p>-Madison Odom<\/p>\n<\/p>\n<p><!--more--><\/p>","protected":false},"author":25,"featured_media":0,"menu_order":0,"template":"","format":"standard","tags":[32],"blog_category":[889],"class_list":{"0":"post-9787","1":"blog","2":"type-blog","3":"status-publish","4":"format-standard","6":"tag-community","7":"blog_category-community","8":"entry"},"acf":[],"yoast_head":"<!-- This site is optimized with the Yoast SEO Premium plugin v27.5 (Yoast SEO v27.5) - https:\/\/yoast.com\/product\/yoast-seo-premium-wordpress\/ -->\n<title>September Charity: Brandon Goyne Foundation | Daniel Stark Injury Lawyers<\/title>\n<meta name=\"description\" content=\"Daniel Stark Law\u2019s September charity of the month highlights the Brandon Goyne Foundation and the incredible work they do in the community.\" \/>\n<meta name=\"robots\" content=\"index, follow, max-snippet:-1, max-image-preview:large, max-video-preview:-1\" \/>\n<link rel=\"canonical\" href=\"https:\/\/www.danielstark.com\/es\/blog\/september-charity-of-the-month-the-brandon-goyne-foundation\/\" \/>\n<meta property=\"og:locale\" content=\"es_MX\" \/>\n<meta property=\"og:type\" content=\"article\" \/>\n<meta property=\"og:title\" content=\"September Charity of the Month - The Brandon Goyne Foundation\" \/>\n<meta property=\"og:description\" content=\"Daniel Stark Law\u2019s September charity of the month highlights the Brandon Goyne Foundation and the incredible work they do in the community.\" \/>\n<meta property=\"og:url\" content=\"https:\/\/www.danielstark.com\/es\/blog\/september-charity-of-the-month-the-brandon-goyne-foundation\/\" \/>\n<meta property=\"og:site_name\" content=\"Daniel Stark Injury Lawyers\" \/>\n<meta property=\"article:publisher\" content=\"https:\/\/www.facebook.com\/DanielStarkLaw\" \/>\n<meta property=\"article:modified_time\" content=\"2025-04-22T17:57:33+00:00\" \/>\n<meta property=\"og:image\" content=\"https:\/\/www.danielstark.com\/wp-content\/uploads\/2023\/06\/OpenGraph-Image.jpg\" \/>\n<meta name=\"twitter:card\" content=\"summary_large_image\" \/>\n<meta name=\"twitter:image\" content=\"\/wp-content\/uploads\/2023\/06\/OpenGraph-Image.jpg\" \/>\n<meta name=\"twitter:label1\" content=\"Est. reading time\" \/>\n\t<meta name=\"twitter:data1\" content=\"3 minutos\" \/>\n<script type=\"application\/ld+json\" class=\"yoast-schema-graph\">{\"@context\":\"https:\\\/\\\/schema.org\",\"@graph\":[{\"@type\":[\"Article\",\"BlogPosting\"],\"@id\":\"https:\\\/\\\/www.danielstark.com\\\/blog\\\/september-charity-of-the-month-the-brandon-goyne-foundation\\\/#article\",\"isPartOf\":{\"@id\":\"https:\\\/\\\/www.danielstark.com\\\/blog\\\/september-charity-of-the-month-the-brandon-goyne-foundation\\\/\"},\"author\":{\"name\":\"linda\",\"@id\":\"https:\\\/\\\/www.danielstark.com\\\/#\\\/schema\\\/person\\\/7b5f7ea73ab3c0c33358e9238dd777d8\"},\"headline\":\"September Charity of the Month &#8211; The Brandon Goyne Foundation\",\"datePublished\":\"2016-09-03T00:23:00+00:00\",\"dateModified\":\"2025-04-22T17:57:33+00:00\",\"mainEntityOfPage\":{\"@id\":\"https:\\\/\\\/www.danielstark.com\\\/blog\\\/september-charity-of-the-month-the-brandon-goyne-foundation\\\/\"},\"wordCount\":622,\"publisher\":{\"@id\":\"https:\\\/\\\/www.danielstark.com\\\/#organization\"},\"keywords\":[\"Community\"],\"inLanguage\":\"es\"},{\"@type\":\"WebPage\",\"@id\":\"https:\\\/\\\/www.danielstark.com\\\/blog\\\/september-charity-of-the-month-the-brandon-goyne-foundation\\\/\",\"url\":\"https:\\\/\\\/www.danielstark.com\\\/blog\\\/september-charity-of-the-month-the-brandon-goyne-foundation\\\/\",\"name\":\"September Charity: Brandon Goyne Foundation | Daniel Stark Injury Lawyers\",\"isPartOf\":{\"@id\":\"https:\\\/\\\/www.danielstark.com\\\/#website\"},\"datePublished\":\"2016-09-03T00:23:00+00:00\",\"dateModified\":\"2025-04-22T17:57:33+00:00\",\"description\":\"Daniel Stark Law\u2019s September charity of the month highlights the Brandon Goyne Foundation and the incredible work they do in the community.\",\"breadcrumb\":{\"@id\":\"https:\\\/\\\/www.danielstark.com\\\/blog\\\/september-charity-of-the-month-the-brandon-goyne-foundation\\\/#breadcrumb\"},\"inLanguage\":\"es\",\"potentialAction\":[{\"@type\":\"ReadAction\",\"target\":[\"https:\\\/\\\/www.danielstark.com\\\/blog\\\/september-charity-of-the-month-the-brandon-goyne-foundation\\\/\"]}]},{\"@type\":\"BreadcrumbList\",\"@id\":\"https:\\\/\\\/www.danielstark.com\\\/blog\\\/september-charity-of-the-month-the-brandon-goyne-foundation\\\/#breadcrumb\",\"itemListElement\":[{\"@type\":\"ListItem\",\"position\":1,\"name\":\"Home\",\"item\":\"https:\\\/\\\/www.danielstark.com\\\/\"},{\"@type\":\"ListItem\",\"position\":2,\"name\":\"Blogs\",\"item\":\"https:\\\/\\\/www.danielstark.com\\\/blog\\\/\"},{\"@type\":\"ListItem\",\"position\":3,\"name\":\"September Charity of the Month &#8211; The Brandon Goyne Foundation\"}]},{\"@type\":\"WebSite\",\"@id\":\"https:\\\/\\\/www.danielstark.com\\\/#website\",\"url\":\"https:\\\/\\\/www.danielstark.com\\\/\",\"name\":\"Daniel Stark Injury Lawyers\",\"description\":\"\",\"publisher\":{\"@id\":\"https:\\\/\\\/www.danielstark.com\\\/#organization\"},\"potentialAction\":[{\"@type\":\"SearchAction\",\"target\":{\"@type\":\"EntryPoint\",\"urlTemplate\":\"https:\\\/\\\/www.danielstark.com\\\/?s={search_term_string}\"},\"query-input\":{\"@type\":\"PropertyValueSpecification\",\"valueRequired\":true,\"valueName\":\"search_term_string\"}}],\"inLanguage\":\"es\"},{\"@type\":\"Organization\",\"@id\":\"https:\\\/\\\/www.danielstark.com\\\/#organization\",\"name\":\"Daniel Stark Injury Lawyers\",\"url\":\"https:\\\/\\\/www.danielstark.com\\\/\",\"logo\":{\"@type\":\"ImageObject\",\"inLanguage\":\"es\",\"@id\":\"https:\\\/\\\/www.danielstark.com\\\/#\\\/schema\\\/logo\\\/image\\\/\",\"url\":\"https:\\\/\\\/www.danielstark.com\\\/wp-content\\\/uploads\\\/2023\\\/05\\\/blog-logo.png\",\"contentUrl\":\"https:\\\/\\\/www.danielstark.com\\\/wp-content\\\/uploads\\\/2023\\\/05\\\/blog-logo.png\",\"width\":78,\"height\":77,\"caption\":\"Daniel Stark Injury Lawyers\"},\"image\":{\"@id\":\"https:\\\/\\\/www.danielstark.com\\\/#\\\/schema\\\/logo\\\/image\\\/\"},\"sameAs\":[\"https:\\\/\\\/www.facebook.com\\\/DanielStarkLaw\",\"https:\\\/\\\/www.instagram.com\\\/danielstarklaw\\\/\",\"https:\\\/\\\/www.youtube.com\\\/Danielstarklaw\",\"https:\\\/\\\/www.linkedin.com\\\/company\\\/daniel-stark-injury-lawyers\"]},{\"@type\":\"Person\",\"@id\":\"https:\\\/\\\/www.danielstark.com\\\/#\\\/schema\\\/person\\\/7b5f7ea73ab3c0c33358e9238dd777d8\",\"name\":\"linda\",\"image\":{\"@type\":\"ImageObject\",\"inLanguage\":\"es\",\"@id\":\"https:\\\/\\\/secure.gravatar.com\\\/avatar\\\/1515a0e7e22a01b5dd7c9236aa14790fc36ea7734b61a105de012f0b8d167848?s=96&d=mm&r=g\",\"url\":\"https:\\\/\\\/secure.gravatar.com\\\/avatar\\\/1515a0e7e22a01b5dd7c9236aa14790fc36ea7734b61a105de012f0b8d167848?s=96&d=mm&r=g\",\"contentUrl\":\"https:\\\/\\\/secure.gravatar.com\\\/avatar\\\/1515a0e7e22a01b5dd7c9236aa14790fc36ea7734b61a105de012f0b8d167848?s=96&d=mm&r=g\",\"caption\":\"linda\"}}]}<\/script>\n<!-- \/ Yoast SEO Premium plugin. -->","yoast_head_json":{"title":"September Charity: Brandon Goyne Foundation | Daniel Stark Injury Lawyers","description":"Daniel Stark Law\u2019s September charity of the month highlights the Brandon Goyne Foundation and the incredible work they do in the community.","robots":{"index":"index","follow":"follow","max-snippet":"max-snippet:-1","max-image-preview":"max-image-preview:large","max-video-preview":"max-video-preview:-1"},"canonical":"https:\/\/www.danielstark.com\/es\/blog\/september-charity-of-the-month-the-brandon-goyne-foundation\/","og_locale":"es_MX","og_type":"article","og_title":"September Charity of the Month - The Brandon Goyne Foundation","og_description":"Daniel Stark Law\u2019s September charity of the month highlights the Brandon Goyne Foundation and the incredible work they do in the community.","og_url":"https:\/\/www.danielstark.com\/es\/blog\/september-charity-of-the-month-the-brandon-goyne-foundation\/","og_site_name":"Daniel Stark Injury Lawyers","article_publisher":"https:\/\/www.facebook.com\/DanielStarkLaw","article_modified_time":"2025-04-22T17:57:33+00:00","og_image":[{"url":"https:\/\/www.danielstark.com\/wp-content\/uploads\/2023\/06\/OpenGraph-Image.jpg","type":"","width":"","height":""}],"twitter_card":"summary_large_image","twitter_image":"\/wp-content\/uploads\/2023\/06\/OpenGraph-Image.jpg","twitter_misc":{"Est. reading time":"3 minutos"},"schema":{"@context":"https:\/\/schema.org","@graph":[{"@type":["Article","BlogPosting"],"@id":"https:\/\/www.danielstark.com\/blog\/september-charity-of-the-month-the-brandon-goyne-foundation\/#article","isPartOf":{"@id":"https:\/\/www.danielstark.com\/blog\/september-charity-of-the-month-the-brandon-goyne-foundation\/"},"author":{"name":"linda","@id":"https:\/\/www.danielstark.com\/#\/schema\/person\/7b5f7ea73ab3c0c33358e9238dd777d8"},"headline":"September Charity of the Month &#8211; The Brandon Goyne Foundation","datePublished":"2016-09-03T00:23:00+00:00","dateModified":"2025-04-22T17:57:33+00:00","mainEntityOfPage":{"@id":"https:\/\/www.danielstark.com\/blog\/september-charity-of-the-month-the-brandon-goyne-foundation\/"},"wordCount":622,"publisher":{"@id":"https:\/\/www.danielstark.com\/#organization"},"keywords":["Community"],"inLanguage":"es"},{"@type":"WebPage","@id":"https:\/\/www.danielstark.com\/blog\/september-charity-of-the-month-the-brandon-goyne-foundation\/","url":"https:\/\/www.danielstark.com\/blog\/september-charity-of-the-month-the-brandon-goyne-foundation\/","name":"September Charity: Brandon Goyne Foundation | Daniel Stark Injury Lawyers","isPartOf":{"@id":"https:\/\/www.danielstark.com\/#website"},"datePublished":"2016-09-03T00:23:00+00:00","dateModified":"2025-04-22T17:57:33+00:00","description":"Daniel Stark Law\u2019s September charity of the month highlights the Brandon Goyne Foundation and the incredible work they do in the community.","breadcrumb":{"@id":"https:\/\/www.danielstark.com\/blog\/september-charity-of-the-month-the-brandon-goyne-foundation\/#breadcrumb"},"inLanguage":"es","potentialAction":[{"@type":"ReadAction","target":["https:\/\/www.danielstark.com\/blog\/september-charity-of-the-month-the-brandon-goyne-foundation\/"]}]},{"@type":"BreadcrumbList","@id":"https:\/\/www.danielstark.com\/blog\/september-charity-of-the-month-the-brandon-goyne-foundation\/#breadcrumb","itemListElement":[{"@type":"ListItem","position":1,"name":"Home","item":"https:\/\/www.danielstark.com\/"},{"@type":"ListItem","position":2,"name":"Blogs","item":"https:\/\/www.danielstark.com\/blog\/"},{"@type":"ListItem","position":3,"name":"September Charity of the Month &#8211; The Brandon Goyne Foundation"}]},{"@type":"WebSite","@id":"https:\/\/www.danielstark.com\/#website","url":"https:\/\/www.danielstark.com\/","name":"Abogados de lesiones personales de Daniel Stark","description":"","publisher":{"@id":"https:\/\/www.danielstark.com\/#organization"},"potentialAction":[{"@type":"SearchAction","target":{"@type":"EntryPoint","urlTemplate":"https:\/\/www.danielstark.com\/?s={search_term_string}"},"query-input":{"@type":"PropertyValueSpecification","valueRequired":true,"valueName":"search_term_string"}}],"inLanguage":"es"},{"@type":"Organization","@id":"https:\/\/www.danielstark.com\/#organization","name":"Abogados de lesiones personales de Daniel Stark","url":"https:\/\/www.danielstark.com\/","logo":{"@type":"ImageObject","inLanguage":"es","@id":"https:\/\/www.danielstark.com\/#\/schema\/logo\/image\/","url":"https:\/\/www.danielstark.com\/wp-content\/uploads\/2023\/05\/blog-logo.png","contentUrl":"https:\/\/www.danielstark.com\/wp-content\/uploads\/2023\/05\/blog-logo.png","width":78,"height":77,"caption":"Daniel Stark Injury Lawyers"},"image":{"@id":"https:\/\/www.danielstark.com\/#\/schema\/logo\/image\/"},"sameAs":["https:\/\/www.facebook.com\/DanielStarkLaw","https:\/\/www.instagram.com\/danielstarklaw\/","https:\/\/www.youtube.com\/Danielstarklaw","https:\/\/www.linkedin.com\/company\/daniel-stark-injury-lawyers"]},{"@type":"Person","@id":"https:\/\/www.danielstark.com\/#\/schema\/person\/7b5f7ea73ab3c0c33358e9238dd777d8","name":"linda","image":{"@type":"ImageObject","inLanguage":"es","@id":"https:\/\/secure.gravatar.com\/avatar\/1515a0e7e22a01b5dd7c9236aa14790fc36ea7734b61a105de012f0b8d167848?s=96&d=mm&r=g","url":"https:\/\/secure.gravatar.com\/avatar\/1515a0e7e22a01b5dd7c9236aa14790fc36ea7734b61a105de012f0b8d167848?s=96&d=mm&r=g","contentUrl":"https:\/\/secure.gravatar.com\/avatar\/1515a0e7e22a01b5dd7c9236aa14790fc36ea7734b61a105de012f0b8d167848?s=96&d=mm&r=g","caption":"linda"}}]}},"_links":{"self":[{"href":"https:\/\/www.danielstark.com\/es\/wp-json\/wp\/v2\/blog\/9787","targetHints":{"allow":["GET"]}}],"collection":[{"href":"https:\/\/www.danielstark.com\/es\/wp-json\/wp\/v2\/blog"}],"about":[{"href":"https:\/\/www.danielstark.com\/es\/wp-json\/wp\/v2\/types\/blog"}],"author":[{"embeddable":true,"href":"https:\/\/www.danielstark.com\/es\/wp-json\/wp\/v2\/users\/25"}],"version-history":[{"count":0,"href":"https:\/\/www.danielstark.com\/es\/wp-json\/wp\/v2\/blog\/9787\/revisions"}],"wp:attachment":[{"href":"https:\/\/www.danielstark.com\/es\/wp-json\/wp\/v2\/media?parent=9787"}],"wp:term":[{"taxonomy":"post_tag","embeddable":true,"href":"https:\/\/www.danielstark.com\/es\/wp-json\/wp\/v2\/tags?post=9787"},{"taxonomy":"blog_category","embeddable":true,"href":"https:\/\/www.danielstark.com\/es\/wp-json\/wp\/v2\/blog_category?post=9787"}],"curies":[{"name":"wp","href":"https:\/\/api.w.org\/{rel}","templated":true}]}}