{"id":17366,"date":"2026-02-06T14:55:55","date_gmt":"2026-02-06T22:55:55","guid":{"rendered":"https:\/\/www.danielstark.com\/?post_type=news&#038;p=17366"},"modified":"2026-02-06T14:55:55","modified_gmt":"2026-02-06T22:55:55","slug":"local-collaboration-focuses-on-protecting-children-before-tragedy-strikes","status":"publish","type":"news","link":"https:\/\/www.danielstark.com\/es\/news\/local-collaboration-focuses-on-protecting-children-before-tragedy-strikes\/","title":{"rendered":"Local collaboration focuses on protecting children before tragedy strikes"},"content":{"rendered":"<figure class=\"wp-block-image size-large\"><img fetchpriority=\"high\" decoding=\"async\" width=\"1024\" height=\"683\" src=\"https:\/\/www.danielstark.com\/wp-content\/uploads\/2026\/02\/LaVegaCarSeatEvent_Waco_2026-01-16-19-1024x683.jpg\" alt=\"Daniel Stark Injury Lawyers pictured with La Vega ISD students and staff at child passenger safety event in Waco, Texas | Daniel Stark Injury Lawyers\" class=\"wp-image-17368\" srcset=\"https:\/\/www.danielstark.com\/wp-content\/uploads\/2026\/02\/LaVegaCarSeatEvent_Waco_2026-01-16-19-1024x683.jpg 1024w, https:\/\/www.danielstark.com\/wp-content\/uploads\/2026\/02\/LaVegaCarSeatEvent_Waco_2026-01-16-19-300x200.jpg 300w, https:\/\/www.danielstark.com\/wp-content\/uploads\/2026\/02\/LaVegaCarSeatEvent_Waco_2026-01-16-19-768x512.jpg 768w, https:\/\/www.danielstark.com\/wp-content\/uploads\/2026\/02\/LaVegaCarSeatEvent_Waco_2026-01-16-19-1536x1024.jpg 1536w, https:\/\/www.danielstark.com\/wp-content\/uploads\/2026\/02\/LaVegaCarSeatEvent_Waco_2026-01-16-19-scaled.jpg 2048w, https:\/\/www.danielstark.com\/wp-content\/uploads\/2026\/02\/LaVegaCarSeatEvent_Waco_2026-01-16-19-18x12.jpg 18w\" sizes=\"(max-width: 1024px) 100vw, 1024px\" \/><\/figure>\n\n\n\n<p><em>Daniel Stark Injury Lawyers partners with La Vega ISD to expand child passenger safety in<\/em> <em>Waco<\/em>\u00a0<\/p>\n\n\n\n<p><strong>WACO, Texas<\/strong>&nbsp;\u2014 Daniel Stark Injury Lawyers and&nbsp;<a href=\"https:\/\/www.lavegaisd.org\/\" target=\"_blank\" rel=\"noreferrer noopener\">La Vega Independent School District<\/a>&nbsp;partnered to expand child passenger safety efforts in Waco, reinforcing a shared commitment to prevention and protecting children beyond the classroom.&nbsp;<\/p>\n\n\n\n<p>La Vega ISD has prioritized booster seat safety following the loss of a student in a motor vehicle crash involving improper restraint. In response, the district strengthened its approach to child passenger safety by discouraging parents from picking up children&nbsp;without&nbsp;a booster seat&nbsp;properly installed.&nbsp;<\/p>\n\n\n\n<p>\u201cA few years ago, we lost a student in a tragic car accident because they were not secured properly,\u201d said&nbsp;Heather Franks,&nbsp;principal&nbsp;at&nbsp;La Vega Primary. \u201cThat loss changed us.&nbsp;It\u2019s&nbsp;been our mission to do everything we can to keep our students safe. So, partnering with Daniel Stark has made this opportunity a true blessing for our families.\u201d&nbsp;<\/p>\n\n\n\n<p>Recognizing that safety policies are most effective when families are supported, Daniel Stark Injury Lawyers provided booster seats for students who needed them, helping remove barriers and ensuring families could meet safety expectations.&nbsp;<\/p>\n\n\n\n<figure class=\"wp-block-image size-large\"><img decoding=\"async\" width=\"1024\" height=\"683\" src=\"https:\/\/www.danielstark.com\/wp-content\/uploads\/2026\/02\/LaVegaCarSeatEvent_Waco_2026-01-16-7-1024x683.jpg\" alt=\"Spencer Smith, attorney at Daniel Stark Injury Lawyers, unloading booster seats out of truck bed at Waco child passenger safety event | Daniel Stark Injury Lawyers\" class=\"wp-image-17369\" srcset=\"https:\/\/www.danielstark.com\/wp-content\/uploads\/2026\/02\/LaVegaCarSeatEvent_Waco_2026-01-16-7-1024x683.jpg 1024w, https:\/\/www.danielstark.com\/wp-content\/uploads\/2026\/02\/LaVegaCarSeatEvent_Waco_2026-01-16-7-300x200.jpg 300w, https:\/\/www.danielstark.com\/wp-content\/uploads\/2026\/02\/LaVegaCarSeatEvent_Waco_2026-01-16-7-768x512.jpg 768w, https:\/\/www.danielstark.com\/wp-content\/uploads\/2026\/02\/LaVegaCarSeatEvent_Waco_2026-01-16-7-1536x1024.jpg 1536w, https:\/\/www.danielstark.com\/wp-content\/uploads\/2026\/02\/LaVegaCarSeatEvent_Waco_2026-01-16-7-scaled.jpg 2048w, https:\/\/www.danielstark.com\/wp-content\/uploads\/2026\/02\/LaVegaCarSeatEvent_Waco_2026-01-16-7-18x12.jpg 18w\" sizes=\"(max-width: 1024px) 100vw, 1024px\" \/><\/figure>\n\n\n\n<p>\u201cWhen you see firsthand how a serious crash can affect someone physically, emotionally, and professionally, it reinforces why prevention has to be part of our mission,\u201d said&nbsp;Spencer Smith,&nbsp;attorney at Daniel Stark Injury Lawyers.&nbsp;\u201cIf we can help prevent those injuries from ever happening, that\u2019s an impact worth making.\u201d&nbsp;<\/p>\n\n\n\n<p>Smith emphasized the importance of addressing safety before a crash occurs.&nbsp;<\/p>\n\n\n\n<p>\u201cChildren are one of the most vulnerable groups,\u201d he added. \u201cThey&nbsp;can\u2019t&nbsp;provide these safety tools for themselves, which is why partnerships like this matter. By working with schools that put students first, we can help protect kids before something goes wrong.\u201d&nbsp;<\/p>\n\n\n\n<p>The partnership also serves as an early safety message for students and families.&nbsp;<\/p>\n\n\n\n<p>\u201cWe\u2019re excited to work with Daniel Stark because safety is central to what they do,\u201d Franks added. \u201cIt\u2019s the perfect opportunity to reinforce for our youngest students just how important it is to stay safe when riding in the car with their families.\u201d&nbsp;<\/p>\n\n\n\n<figure class=\"wp-block-image size-large\"><img decoding=\"async\" width=\"1024\" height=\"683\" src=\"https:\/\/www.danielstark.com\/wp-content\/uploads\/2026\/02\/LaVegaCarSeatEvent_Waco_2026-01-16-14-1024x683.jpg\" alt=\"Young female student holding a booster seat at Waco event | Daniel Stark Injury Lawyers\" class=\"wp-image-17367\" srcset=\"https:\/\/www.danielstark.com\/wp-content\/uploads\/2026\/02\/LaVegaCarSeatEvent_Waco_2026-01-16-14-1024x683.jpg 1024w, https:\/\/www.danielstark.com\/wp-content\/uploads\/2026\/02\/LaVegaCarSeatEvent_Waco_2026-01-16-14-300x200.jpg 300w, https:\/\/www.danielstark.com\/wp-content\/uploads\/2026\/02\/LaVegaCarSeatEvent_Waco_2026-01-16-14-768x512.jpg 768w, https:\/\/www.danielstark.com\/wp-content\/uploads\/2026\/02\/LaVegaCarSeatEvent_Waco_2026-01-16-14-1536x1024.jpg 1536w, https:\/\/www.danielstark.com\/wp-content\/uploads\/2026\/02\/LaVegaCarSeatEvent_Waco_2026-01-16-14-scaled.jpg 2048w, https:\/\/www.danielstark.com\/wp-content\/uploads\/2026\/02\/LaVegaCarSeatEvent_Waco_2026-01-16-14-18x12.jpg 18w\" sizes=\"(max-width: 1024px) 100vw, 1024px\" \/><\/figure>\n\n\n\n<p>The initiative&nbsp;highlights&nbsp;the&nbsp;role schools, families, and community partners play in child passenger safety.&nbsp;Through efforts like this, Daniel Stark Injury Lawyers continues to invest in&nbsp;prevention-focused initiatives across Texas.&nbsp;<\/p>\n\n\n\n<p>For more information about&nbsp;the firm&nbsp;and&nbsp;its&nbsp;community safety initiatives,&nbsp;please visit&nbsp;<a href=\"https:\/\/www.danielstark.com\/es\/news\/\" target=\"_blank\" rel=\"noreferrer noopener\">Abogados de lesiones personales de Daniel Stark<\/a>.&nbsp;<\/p>\n\n\n\n<p><strong>Acerca de Daniel Stark:&nbsp;<\/strong>With a team of over 150 employees, Daniel Stark Injury Lawyers is a Texas-based&nbsp;plaintiffs\u2019&nbsp;personal injury firm committed to providing remarkable legal representation and recovering full value for those&nbsp;impacted&nbsp;by&nbsp;others\u2019 negligence. Founded by friends Danny Daniel and Jonathan Stark, the firm boasts a core purpose of protecting clients with heart and aggression. Daniel Stark&nbsp;operates&nbsp;offices in North and South Austin, Bryan\/College Station, Killeen, Waco, and Tyler.&nbsp;&nbsp;<\/p>\n\n\n\n<p><strong>Para consultas de prensa o m\u00e1s informaci\u00f3n, contacta:&nbsp;&nbsp;&nbsp;&nbsp;&nbsp;&nbsp;&nbsp;<\/strong>&nbsp;<\/p>\n\n\n\n<p>Linda McMillan | Directora de Comunicaciones P\u00fablicas | DanielStark.com&nbsp;<a href=\"mailto:lmcmillan@danielstarklaw.com\" target=\"_blank\" rel=\"noreferrer noopener\">lmcmillan@danielstarklaw.com<\/a>&nbsp;<\/p>\n\n\n\n<h1 class=\"wp-block-heading\" id=\"h-colaboracion-local-se-enfoca-en-proteger-a-los-ninos-antes-de-que-ocurra-una-tragedia\"><strong>Colaboraci\u00f3n\u00a0local se\u00a0enfoca\u00a0en\u00a0proteger\u00a0a\u00a0los\u00a0ni\u00f1os\u00a0antes de\u00a0que\u00a0ocurra\u00a0una\u00a0tragedia<\/strong><\/h1>\n\n\n\n<figure class=\"wp-block-image size-large\"><img fetchpriority=\"high\" decoding=\"async\" width=\"1024\" height=\"683\" src=\"https:\/\/www.danielstark.com\/wp-content\/uploads\/2026\/02\/LaVegaCarSeatEvent_Waco_2026-01-16-19-1024x683.jpg\" alt=\"Daniel Stark Injury Lawyers pictured with La Vega ISD students and staff at child passenger safety event in Waco, Texas | Daniel Stark Injury Lawyers\" class=\"wp-image-17368\" srcset=\"https:\/\/www.danielstark.com\/wp-content\/uploads\/2026\/02\/LaVegaCarSeatEvent_Waco_2026-01-16-19-1024x683.jpg 1024w, https:\/\/www.danielstark.com\/wp-content\/uploads\/2026\/02\/LaVegaCarSeatEvent_Waco_2026-01-16-19-300x200.jpg 300w, https:\/\/www.danielstark.com\/wp-content\/uploads\/2026\/02\/LaVegaCarSeatEvent_Waco_2026-01-16-19-768x512.jpg 768w, https:\/\/www.danielstark.com\/wp-content\/uploads\/2026\/02\/LaVegaCarSeatEvent_Waco_2026-01-16-19-1536x1024.jpg 1536w, https:\/\/www.danielstark.com\/wp-content\/uploads\/2026\/02\/LaVegaCarSeatEvent_Waco_2026-01-16-19-scaled.jpg 2048w, https:\/\/www.danielstark.com\/wp-content\/uploads\/2026\/02\/LaVegaCarSeatEvent_Waco_2026-01-16-19-18x12.jpg 18w\" sizes=\"(max-width: 1024px) 100vw, 1024px\" \/><\/figure>\n\n\n\n<p><em>Daniel Stark se\u00a0asocia\u00a0con La Vega ISD para\u00a0fortalecer\u00a0la\u00a0seguridad\u00a0de\u00a0pasajeros\u00a0infantiles\u00a0en\u00a0Waco<\/em><\/p>\n\n\n\n<p><strong>WACO, Texas<\/strong>&nbsp;\u2014 Daniel Stark&nbsp;Injury&nbsp;Lawyers&nbsp;y&nbsp;<a href=\"https:\/\/www.lavegaisd.org\/\" target=\"_blank\" rel=\"noreferrer noopener\">La Vega Independent School District<\/a>&nbsp;se asociaron para ampliar los esfuerzos de seguridad de pasajeros infantiles en Waco, reforzando un compromiso compartido con la prevenci\u00f3n y la protecci\u00f3n de los ni\u00f1os m\u00e1s all\u00e1 del aula.&nbsp;<\/p>\n\n\n\n<p>La Vega ISD ha&nbsp;priorizado&nbsp;la&nbsp;seguridad&nbsp;del&nbsp;uso&nbsp;de asientos&nbsp;elevados&nbsp;despu\u00e9s&nbsp;de la&nbsp;p\u00e9rdida&nbsp;de un&nbsp;estudiante&nbsp;en&nbsp;un&nbsp;choque&nbsp;automovil\u00edstico&nbsp;en&nbsp;el&nbsp;que&nbsp;no se&nbsp;utiliz\u00f3&nbsp;la&nbsp;sujeci\u00f3n&nbsp;adecuada. Como&nbsp;respuesta,&nbsp;el&nbsp;distrito&nbsp;fortaleci\u00f3&nbsp;su&nbsp;enfoque&nbsp;de&nbsp;seguridad&nbsp;al&nbsp;desalentar&nbsp;que&nbsp;los&nbsp;padres&nbsp;recojan&nbsp;a sus&nbsp;hijos&nbsp;sin un asiento&nbsp;elevado&nbsp;correctamente&nbsp;instalado.&nbsp;<\/p>\n\n\n\n<p>\u201cHace&nbsp;algunos&nbsp;a\u00f1os&nbsp;perdimos&nbsp;a un&nbsp;estudiante&nbsp;en&nbsp;un&nbsp;tr\u00e1gico&nbsp;accidente&nbsp;de auto&nbsp;porque&nbsp;no&nbsp;estaba&nbsp;asegurado&nbsp;correctamente\u201d,&nbsp;dijo&nbsp;Heather Franks,&nbsp;directora&nbsp;de La Vega Primary. \u201cEsa&nbsp;p\u00e9rdida&nbsp;nos&nbsp;cambi\u00f3.&nbsp;Desde&nbsp;entonces,&nbsp;nuestra&nbsp;misi\u00f3n&nbsp;ha&nbsp;sido&nbsp;hacer&nbsp;todo&nbsp;lo&nbsp;posible&nbsp;para&nbsp;mantener&nbsp;seguros&nbsp;a&nbsp;nuestros&nbsp;estudiantes. Por&nbsp;eso,&nbsp;asociarnos&nbsp;con Daniel Stark ha&nbsp;sido&nbsp;una&nbsp;verdadera&nbsp;bendici\u00f3n&nbsp;para&nbsp;nuestras&nbsp;familias\u201d.&nbsp;<\/p>\n\n\n\n<p>Al&nbsp;reconocer&nbsp;que&nbsp;las&nbsp;pol\u00edticas&nbsp;de&nbsp;seguridad&nbsp;son&nbsp;m\u00e1s&nbsp;efectivas&nbsp;cuando&nbsp;las&nbsp;familias&nbsp;cuentan&nbsp;con&nbsp;apoyo, Daniel Stark Injury Lawyers&nbsp;proporcion\u00f3&nbsp;asientos&nbsp;elevados&nbsp;a&nbsp;los&nbsp;estudiantes&nbsp;que&nbsp;los&nbsp;necesitaban,&nbsp;ayudando&nbsp;a&nbsp;eliminar&nbsp;barreras y a&nbsp;que&nbsp;las&nbsp;familias&nbsp;pudieran&nbsp;cumplir&nbsp;con las&nbsp;expectativas&nbsp;de&nbsp;seguridad.&nbsp;<\/p>\n\n\n\n<figure class=\"wp-block-image size-large\"><img decoding=\"async\" width=\"1024\" height=\"683\" src=\"https:\/\/www.danielstark.com\/wp-content\/uploads\/2026\/02\/LaVegaCarSeatEvent_Waco_2026-01-16-7-1024x683.jpg\" alt=\"Spencer Smith, attorney at Daniel Stark Injury Lawyers, unloading booster seats out of truck bed at Waco child passenger safety event | Daniel Stark Injury Lawyers\" class=\"wp-image-17369\" srcset=\"https:\/\/www.danielstark.com\/wp-content\/uploads\/2026\/02\/LaVegaCarSeatEvent_Waco_2026-01-16-7-1024x683.jpg 1024w, https:\/\/www.danielstark.com\/wp-content\/uploads\/2026\/02\/LaVegaCarSeatEvent_Waco_2026-01-16-7-300x200.jpg 300w, https:\/\/www.danielstark.com\/wp-content\/uploads\/2026\/02\/LaVegaCarSeatEvent_Waco_2026-01-16-7-768x512.jpg 768w, https:\/\/www.danielstark.com\/wp-content\/uploads\/2026\/02\/LaVegaCarSeatEvent_Waco_2026-01-16-7-1536x1024.jpg 1536w, https:\/\/www.danielstark.com\/wp-content\/uploads\/2026\/02\/LaVegaCarSeatEvent_Waco_2026-01-16-7-scaled.jpg 2048w, https:\/\/www.danielstark.com\/wp-content\/uploads\/2026\/02\/LaVegaCarSeatEvent_Waco_2026-01-16-7-18x12.jpg 18w\" sizes=\"(max-width: 1024px) 100vw, 1024px\" \/><\/figure>\n\n\n\n<p>\u201cCuando&nbsp;ves&nbsp;de&nbsp;primera&nbsp;mano&nbsp;c\u00f3mo&nbsp;un&nbsp;choque&nbsp;grave&nbsp;puede&nbsp;afectar&nbsp;a&nbsp;alguien&nbsp;f\u00edsica,&nbsp;emocional&nbsp;y&nbsp;profesionalmente,&nbsp;queda&nbsp;claro&nbsp;por&nbsp;qu\u00e9&nbsp;la&nbsp;prevenci\u00f3n&nbsp;debe&nbsp;ser&nbsp;parte&nbsp;de<strong>&nbsp;<\/strong>nuestra&nbsp;misi\u00f3n\u201d,&nbsp;dijo&nbsp;Spencer Smith, abogado de Daniel Stark Injury Lawyers. \u201cSi&nbsp;podemos&nbsp;ayudar&nbsp;aevitarque&nbsp;esas&nbsp;lesiones&nbsp;ocurran, ese es un&nbsp;impacto&nbsp;que&nbsp;vale la&nbsp;pena\u201d.&nbsp;<\/p>\n\n\n\n<p>Smith&nbsp;destac\u00f3&nbsp;la&nbsp;importancia&nbsp;de&nbsp;abordar&nbsp;la&nbsp;seguridad&nbsp;antes de&nbsp;que&nbsp;ocurra&nbsp;un&nbsp;accidente.&nbsp;<\/p>\n\n\n\n<p>\u201cLos&nbsp;ni\u00f1os&nbsp;son uno de&nbsp;los&nbsp;grupos&nbsp;m\u00e1s&nbsp;vulnerables\u201d,&nbsp;a\u00f1adi\u00f3. \u201cNo&nbsp;pueden&nbsp;proveerse&nbsp;estas&nbsp;herramientas&nbsp;de&nbsp;seguridad&nbsp;por&nbsp;s\u00ed&nbsp;mismos, y&nbsp;por&nbsp;eso&nbsp;alianzas&nbsp;como&nbsp;esta&nbsp;importan. Al&nbsp;trabajar&nbsp;con&nbsp;escuelas&nbsp;que&nbsp;ponen&nbsp;a&nbsp;los&nbsp;estudiantes&nbsp;primero,&nbsp;podemos&nbsp;ayudar&nbsp;a&nbsp;proteger&nbsp;a&nbsp;losni\u00f1osantes&nbsp;de&nbsp;que&nbsp;algo&nbsp;salga&nbsp;mal\u201d.&nbsp;<\/p>\n\n\n\n<p>La&nbsp;colaboraci\u00f3n&nbsp;tambi\u00e9n&nbsp;sirve&nbsp;como&nbsp;un&nbsp;mensaje&nbsp;temprano&nbsp;de&nbsp;seguridad&nbsp;para&nbsp;estudiantes&nbsp;y&nbsp;familias.&nbsp;<\/p>\n\n\n\n<p>\u201cNos&nbsp;entusiasma&nbsp;trabajar&nbsp;con Daniel Stark&nbsp;porque&nbsp;la&nbsp;seguridad&nbsp;es central&nbsp;en&nbsp;todo&nbsp;lo&nbsp;que&nbsp;hacen\u201d,&nbsp;agreg\u00f3&nbsp;Franks. \u201cEs la&nbsp;oportunidad&nbsp;perfecta para&nbsp;reforzar&nbsp;con&nbsp;nuestros&nbsp;estudiantes&nbsp;m\u00e1s&nbsp;peque\u00f1os&nbsp;lo&nbsp;importante&nbsp;que&nbsp;es&nbsp;viajar&nbsp;de forma&nbsp;segura&nbsp;en&nbsp;el&nbsp;auto con sus&nbsp;familias\u201d.&nbsp;<\/p>\n\n\n\n<figure class=\"wp-block-image size-large\"><img decoding=\"async\" width=\"1024\" height=\"683\" src=\"https:\/\/www.danielstark.com\/wp-content\/uploads\/2026\/02\/LaVegaCarSeatEvent_Waco_2026-01-16-14-1024x683.jpg\" alt=\"Young female student holding a booster seat at Waco event | Daniel Stark Injury Lawyers\" class=\"wp-image-17367\" srcset=\"https:\/\/www.danielstark.com\/wp-content\/uploads\/2026\/02\/LaVegaCarSeatEvent_Waco_2026-01-16-14-1024x683.jpg 1024w, https:\/\/www.danielstark.com\/wp-content\/uploads\/2026\/02\/LaVegaCarSeatEvent_Waco_2026-01-16-14-300x200.jpg 300w, https:\/\/www.danielstark.com\/wp-content\/uploads\/2026\/02\/LaVegaCarSeatEvent_Waco_2026-01-16-14-768x512.jpg 768w, https:\/\/www.danielstark.com\/wp-content\/uploads\/2026\/02\/LaVegaCarSeatEvent_Waco_2026-01-16-14-1536x1024.jpg 1536w, https:\/\/www.danielstark.com\/wp-content\/uploads\/2026\/02\/LaVegaCarSeatEvent_Waco_2026-01-16-14-scaled.jpg 2048w, https:\/\/www.danielstark.com\/wp-content\/uploads\/2026\/02\/LaVegaCarSeatEvent_Waco_2026-01-16-14-18x12.jpg 18w\" sizes=\"(max-width: 1024px) 100vw, 1024px\" \/><\/figure>\n\n\n\n<p>La&nbsp;iniciativa&nbsp;resalta&nbsp;el&nbsp;papel&nbsp;que&nbsp;desempe\u00f1an&nbsp;las&nbsp;escuelas, las&nbsp;familias&nbsp;y&nbsp;los&nbsp;aliados&nbsp;comunitarios&nbsp;en&nbsp;la&nbsp;seguridad&nbsp;de&nbsp;los&nbsp;pasajeros&nbsp;infantiles. A&nbsp;trav\u00e9s&nbsp;de&nbsp;esfuerzos&nbsp;como&nbsp;este, Daniel Stark Injury Lawyers&nbsp;contin\u00faa&nbsp;invirtiendo&nbsp;en&nbsp;iniciativas&nbsp;de&nbsp;prevenci\u00f3n&nbsp;en&nbsp;todo&nbsp;Texas.&nbsp;<\/p>\n\n\n\n<p>Para&nbsp;m\u00e1s&nbsp;informaci\u00f3n&nbsp;sobre&nbsp;la&nbsp;firma&nbsp;y sus&nbsp;iniciativas&nbsp;comunitarias&nbsp;de&nbsp;seguridad,&nbsp;visita&nbsp;<a href=\"https:\/\/www.danielstark.com\/es\/news\/\" target=\"_blank\" rel=\"noreferrer noopener\">Abogados de lesiones personales de Daniel Stark<\/a>.&nbsp;<\/p>\n\n\n\n<p><strong>Sobre Daniel Stark:&nbsp;<\/strong>Con m\u00e1s de 160 empleados, Daniel Stark es una firma de abogados de lesiones personales en Texas dedicada a brindar representaci\u00f3n legal extraordinaria y recuperar el valor total que merecen las personas afectadas por la negligencia de otros.&nbsp;Fundada por los amigos Danny Daniel y Jonathan Stark, la firma tiene como prop\u00f3sito principal proteger a sus clientes de los abusos de las aseguradoras.&nbsp;Daniel Stark cuenta con oficinas en Austin Norte y Sur, Bryan&nbsp;College&nbsp;Station,&nbsp;Killeen, Waco y Tyler.&nbsp;<\/p>\n\n\n\n<p><strong>Para consultas de prensa o m\u00e1s informaci\u00f3n, comun\u00edcate con:<\/strong>&nbsp;<\/p>\n\n\n\n<p>Linda&nbsp;McMillan&nbsp;|&nbsp;Directora&nbsp;de Comunicaciones | DanielStark.com&nbsp;<br><a href=\"mailto:lmcmillan@danielstarklaw.com\" target=\"_blank\" rel=\"noreferrer noopener\">lmcmillan@danielstarklaw.com<\/a>&nbsp;<\/p>","protected":false},"author":29,"featured_media":17367,"menu_order":0,"template":"","format":"standard","news_categories":[],"class_list":{"0":"post-17366","1":"news","2":"type-news","3":"status-publish","4":"format-standard","5":"has-post-thumbnail","7":"entry"},"acf":[],"yoast_head":"<!-- This site is optimized with the Yoast SEO Premium plugin v27.5 (Yoast SEO v27.5) - https:\/\/yoast.com\/product\/yoast-seo-premium-wordpress\/ -->\n<title>Child Passenger Safety in Waco | Daniel Stark Injury Lawyers<\/title>\n<meta name=\"description\" content=\"Daniel Stark Injury Lawyers and La Vega ISD partner to expand booster seat access, strengthen prevention efforts, and protect children on the road.\" \/>\n<meta name=\"robots\" content=\"index, follow, max-snippet:-1, max-image-preview:large, max-video-preview:-1\" \/>\n<link rel=\"canonical\" href=\"https:\/\/www.danielstark.com\/es\/news\/local-collaboration-focuses-on-protecting-children-before-tragedy-strikes\/\" \/>\n<meta property=\"og:locale\" content=\"es_MX\" \/>\n<meta property=\"og:type\" content=\"article\" \/>\n<meta property=\"og:title\" content=\"Local collaboration focuses on protecting children before tragedy strikes\" \/>\n<meta property=\"og:description\" content=\"Daniel Stark Injury Lawyers and La Vega ISD partner to expand booster seat access, strengthen prevention efforts, and protect children on the road.\" \/>\n<meta property=\"og:url\" content=\"https:\/\/www.danielstark.com\/es\/news\/local-collaboration-focuses-on-protecting-children-before-tragedy-strikes\/\" \/>\n<meta property=\"og:site_name\" content=\"Daniel Stark Injury Lawyers\" \/>\n<meta property=\"article:publisher\" content=\"https:\/\/www.facebook.com\/DanielStarkLaw\" \/>\n<meta property=\"og:image\" content=\"https:\/\/www.danielstark.com\/wp-content\/uploads\/2026\/02\/LaVegaCarSeatEvent_Waco_2026-01-16-14-scaled.jpg\" \/>\n\t<meta property=\"og:image:width\" content=\"2048\" \/>\n\t<meta property=\"og:image:height\" content=\"1365\" \/>\n\t<meta property=\"og:image:type\" content=\"image\/jpeg\" \/>\n<meta name=\"twitter:card\" content=\"summary_large_image\" \/>\n<meta name=\"twitter:label1\" content=\"Est. reading time\" \/>\n\t<meta name=\"twitter:data1\" content=\"7 minutos\" \/>\n<script type=\"application\/ld+json\" class=\"yoast-schema-graph\">{\"@context\":\"https:\\\/\\\/schema.org\",\"@graph\":[{\"@type\":\"WebPage\",\"@id\":\"https:\\\/\\\/www.danielstark.com\\\/news\\\/local-collaboration-focuses-on-protecting-children-before-tragedy-strikes\\\/\",\"url\":\"https:\\\/\\\/www.danielstark.com\\\/news\\\/local-collaboration-focuses-on-protecting-children-before-tragedy-strikes\\\/\",\"name\":\"Child Passenger Safety in Waco | Daniel Stark Injury Lawyers\",\"isPartOf\":{\"@id\":\"https:\\\/\\\/www.danielstark.com\\\/#website\"},\"primaryImageOfPage\":{\"@id\":\"https:\\\/\\\/www.danielstark.com\\\/news\\\/local-collaboration-focuses-on-protecting-children-before-tragedy-strikes\\\/#primaryimage\"},\"image\":{\"@id\":\"https:\\\/\\\/www.danielstark.com\\\/news\\\/local-collaboration-focuses-on-protecting-children-before-tragedy-strikes\\\/#primaryimage\"},\"thumbnailUrl\":\"https:\\\/\\\/www.danielstark.com\\\/wp-content\\\/uploads\\\/2026\\\/02\\\/LaVegaCarSeatEvent_Waco_2026-01-16-14-scaled.jpg\",\"datePublished\":\"2026-02-06T22:55:55+00:00\",\"description\":\"Daniel Stark Injury Lawyers and La Vega ISD partner to expand booster seat access, strengthen prevention efforts, and protect children on the road.\",\"breadcrumb\":{\"@id\":\"https:\\\/\\\/www.danielstark.com\\\/news\\\/local-collaboration-focuses-on-protecting-children-before-tragedy-strikes\\\/#breadcrumb\"},\"inLanguage\":\"es\",\"potentialAction\":[{\"@type\":\"ReadAction\",\"target\":[\"https:\\\/\\\/www.danielstark.com\\\/news\\\/local-collaboration-focuses-on-protecting-children-before-tragedy-strikes\\\/\"]}]},{\"@type\":\"ImageObject\",\"inLanguage\":\"es\",\"@id\":\"https:\\\/\\\/www.danielstark.com\\\/news\\\/local-collaboration-focuses-on-protecting-children-before-tragedy-strikes\\\/#primaryimage\",\"url\":\"https:\\\/\\\/www.danielstark.com\\\/wp-content\\\/uploads\\\/2026\\\/02\\\/LaVegaCarSeatEvent_Waco_2026-01-16-14-scaled.jpg\",\"contentUrl\":\"https:\\\/\\\/www.danielstark.com\\\/wp-content\\\/uploads\\\/2026\\\/02\\\/LaVegaCarSeatEvent_Waco_2026-01-16-14-scaled.jpg\",\"width\":2048,\"height\":1365,\"caption\":\"Young female student holding a booster seat at Waco event | Daniel Stark Injury Lawyers\"},{\"@type\":\"BreadcrumbList\",\"@id\":\"https:\\\/\\\/www.danielstark.com\\\/news\\\/local-collaboration-focuses-on-protecting-children-before-tragedy-strikes\\\/#breadcrumb\",\"itemListElement\":[{\"@type\":\"ListItem\",\"position\":1,\"name\":\"Home\",\"item\":\"https:\\\/\\\/www.danielstark.com\\\/\"},{\"@type\":\"ListItem\",\"position\":2,\"name\":\"News\",\"item\":\"https:\\\/\\\/www.danielstark.com\\\/news\\\/\"},{\"@type\":\"ListItem\",\"position\":3,\"name\":\"Local collaboration focuses on protecting children before tragedy strikes\"}]},{\"@type\":\"WebSite\",\"@id\":\"https:\\\/\\\/www.danielstark.com\\\/#website\",\"url\":\"https:\\\/\\\/www.danielstark.com\\\/\",\"name\":\"Daniel Stark Injury Lawyers\",\"description\":\"\",\"publisher\":{\"@id\":\"https:\\\/\\\/www.danielstark.com\\\/#organization\"},\"potentialAction\":[{\"@type\":\"SearchAction\",\"target\":{\"@type\":\"EntryPoint\",\"urlTemplate\":\"https:\\\/\\\/www.danielstark.com\\\/?s={search_term_string}\"},\"query-input\":{\"@type\":\"PropertyValueSpecification\",\"valueRequired\":true,\"valueName\":\"search_term_string\"}}],\"inLanguage\":\"es\"},{\"@type\":\"Organization\",\"@id\":\"https:\\\/\\\/www.danielstark.com\\\/#organization\",\"name\":\"Daniel Stark Injury Lawyers\",\"url\":\"https:\\\/\\\/www.danielstark.com\\\/\",\"logo\":{\"@type\":\"ImageObject\",\"inLanguage\":\"es\",\"@id\":\"https:\\\/\\\/www.danielstark.com\\\/#\\\/schema\\\/logo\\\/image\\\/\",\"url\":\"https:\\\/\\\/www.danielstark.com\\\/wp-content\\\/uploads\\\/2023\\\/05\\\/blog-logo.png\",\"contentUrl\":\"https:\\\/\\\/www.danielstark.com\\\/wp-content\\\/uploads\\\/2023\\\/05\\\/blog-logo.png\",\"width\":78,\"height\":77,\"caption\":\"Daniel Stark Injury Lawyers\"},\"image\":{\"@id\":\"https:\\\/\\\/www.danielstark.com\\\/#\\\/schema\\\/logo\\\/image\\\/\"},\"sameAs\":[\"https:\\\/\\\/www.facebook.com\\\/DanielStarkLaw\",\"https:\\\/\\\/www.instagram.com\\\/danielstarklaw\\\/\",\"https:\\\/\\\/www.youtube.com\\\/Danielstarklaw\",\"https:\\\/\\\/www.linkedin.com\\\/company\\\/daniel-stark-injury-lawyers\"]}]}<\/script>\n<!-- \/ Yoast SEO Premium plugin. -->","yoast_head_json":{"title":"Child Passenger Safety in Waco | Daniel Stark Injury Lawyers","description":"Daniel Stark Injury Lawyers and La Vega ISD partner to expand booster seat access, strengthen prevention efforts, and protect children on the road.","robots":{"index":"index","follow":"follow","max-snippet":"max-snippet:-1","max-image-preview":"max-image-preview:large","max-video-preview":"max-video-preview:-1"},"canonical":"https:\/\/www.danielstark.com\/es\/news\/local-collaboration-focuses-on-protecting-children-before-tragedy-strikes\/","og_locale":"es_MX","og_type":"article","og_title":"Local collaboration focuses on protecting children before tragedy strikes","og_description":"Daniel Stark Injury Lawyers and La Vega ISD partner to expand booster seat access, strengthen prevention efforts, and protect children on the road.","og_url":"https:\/\/www.danielstark.com\/es\/news\/local-collaboration-focuses-on-protecting-children-before-tragedy-strikes\/","og_site_name":"Daniel Stark Injury Lawyers","article_publisher":"https:\/\/www.facebook.com\/DanielStarkLaw","og_image":[{"width":2048,"height":1365,"url":"https:\/\/www.danielstark.com\/wp-content\/uploads\/2026\/02\/LaVegaCarSeatEvent_Waco_2026-01-16-14-scaled.jpg","type":"image\/jpeg"}],"twitter_card":"summary_large_image","twitter_misc":{"Est. reading time":"7 minutos"},"schema":{"@context":"https:\/\/schema.org","@graph":[{"@type":"WebPage","@id":"https:\/\/www.danielstark.com\/news\/local-collaboration-focuses-on-protecting-children-before-tragedy-strikes\/","url":"https:\/\/www.danielstark.com\/news\/local-collaboration-focuses-on-protecting-children-before-tragedy-strikes\/","name":"Child Passenger Safety in Waco | Daniel Stark Injury Lawyers","isPartOf":{"@id":"https:\/\/www.danielstark.com\/#website"},"primaryImageOfPage":{"@id":"https:\/\/www.danielstark.com\/news\/local-collaboration-focuses-on-protecting-children-before-tragedy-strikes\/#primaryimage"},"image":{"@id":"https:\/\/www.danielstark.com\/news\/local-collaboration-focuses-on-protecting-children-before-tragedy-strikes\/#primaryimage"},"thumbnailUrl":"https:\/\/www.danielstark.com\/wp-content\/uploads\/2026\/02\/LaVegaCarSeatEvent_Waco_2026-01-16-14-scaled.jpg","datePublished":"2026-02-06T22:55:55+00:00","description":"Daniel Stark Injury Lawyers and La Vega ISD partner to expand booster seat access, strengthen prevention efforts, and protect children on the road.","breadcrumb":{"@id":"https:\/\/www.danielstark.com\/news\/local-collaboration-focuses-on-protecting-children-before-tragedy-strikes\/#breadcrumb"},"inLanguage":"es","potentialAction":[{"@type":"ReadAction","target":["https:\/\/www.danielstark.com\/news\/local-collaboration-focuses-on-protecting-children-before-tragedy-strikes\/"]}]},{"@type":"ImageObject","inLanguage":"es","@id":"https:\/\/www.danielstark.com\/news\/local-collaboration-focuses-on-protecting-children-before-tragedy-strikes\/#primaryimage","url":"https:\/\/www.danielstark.com\/wp-content\/uploads\/2026\/02\/LaVegaCarSeatEvent_Waco_2026-01-16-14-scaled.jpg","contentUrl":"https:\/\/www.danielstark.com\/wp-content\/uploads\/2026\/02\/LaVegaCarSeatEvent_Waco_2026-01-16-14-scaled.jpg","width":2048,"height":1365,"caption":"Young female student holding a booster seat at Waco event | Daniel Stark Injury Lawyers"},{"@type":"BreadcrumbList","@id":"https:\/\/www.danielstark.com\/news\/local-collaboration-focuses-on-protecting-children-before-tragedy-strikes\/#breadcrumb","itemListElement":[{"@type":"ListItem","position":1,"name":"Home","item":"https:\/\/www.danielstark.com\/"},{"@type":"ListItem","position":2,"name":"News","item":"https:\/\/www.danielstark.com\/news\/"},{"@type":"ListItem","position":3,"name":"Local collaboration focuses on protecting children before tragedy strikes"}]},{"@type":"WebSite","@id":"https:\/\/www.danielstark.com\/#website","url":"https:\/\/www.danielstark.com\/","name":"Abogados de lesiones personales de Daniel Stark","description":"","publisher":{"@id":"https:\/\/www.danielstark.com\/#organization"},"potentialAction":[{"@type":"SearchAction","target":{"@type":"EntryPoint","urlTemplate":"https:\/\/www.danielstark.com\/?s={search_term_string}"},"query-input":{"@type":"PropertyValueSpecification","valueRequired":true,"valueName":"search_term_string"}}],"inLanguage":"es"},{"@type":"Organization","@id":"https:\/\/www.danielstark.com\/#organization","name":"Abogados de lesiones personales de Daniel Stark","url":"https:\/\/www.danielstark.com\/","logo":{"@type":"ImageObject","inLanguage":"es","@id":"https:\/\/www.danielstark.com\/#\/schema\/logo\/image\/","url":"https:\/\/www.danielstark.com\/wp-content\/uploads\/2023\/05\/blog-logo.png","contentUrl":"https:\/\/www.danielstark.com\/wp-content\/uploads\/2023\/05\/blog-logo.png","width":78,"height":77,"caption":"Daniel Stark Injury Lawyers"},"image":{"@id":"https:\/\/www.danielstark.com\/#\/schema\/logo\/image\/"},"sameAs":["https:\/\/www.facebook.com\/DanielStarkLaw","https:\/\/www.instagram.com\/danielstarklaw\/","https:\/\/www.youtube.com\/Danielstarklaw","https:\/\/www.linkedin.com\/company\/daniel-stark-injury-lawyers"]}]}},"_links":{"self":[{"href":"https:\/\/www.danielstark.com\/es\/wp-json\/wp\/v2\/news\/17366","targetHints":{"allow":["GET"]}}],"collection":[{"href":"https:\/\/www.danielstark.com\/es\/wp-json\/wp\/v2\/news"}],"about":[{"href":"https:\/\/www.danielstark.com\/es\/wp-json\/wp\/v2\/types\/news"}],"author":[{"embeddable":true,"href":"https:\/\/www.danielstark.com\/es\/wp-json\/wp\/v2\/users\/29"}],"version-history":[{"count":0,"href":"https:\/\/www.danielstark.com\/es\/wp-json\/wp\/v2\/news\/17366\/revisions"}],"wp:featuredmedia":[{"embeddable":true,"href":"https:\/\/www.danielstark.com\/es\/wp-json\/wp\/v2\/media\/17367"}],"wp:attachment":[{"href":"https:\/\/www.danielstark.com\/es\/wp-json\/wp\/v2\/media?parent=17366"}],"wp:term":[{"taxonomy":"news_categories","embeddable":true,"href":"https:\/\/www.danielstark.com\/es\/wp-json\/wp\/v2\/news_categories?post=17366"}],"curies":[{"name":"wp","href":"https:\/\/api.w.org\/{rel}","templated":true}]}}